{"id":10330,"date":"2023-05-23T12:33:00","date_gmt":"2023-05-23T10:33:00","guid":{"rendered":"https:\/\/farnostlipany.sk\/?p=10330"},"modified":"2023-05-27T22:35:26","modified_gmt":"2023-05-27T20:35:26","slug":"zomrel-kosicky-emeritny-arcibiskup-alojz-tkac-pohreb-bude-30-maja","status":"publish","type":"post","link":"https:\/\/farnostlipany.sk\/?p=10330","title":{"rendered":"Zomrel ko\u0161ick\u00fd emeritn\u00fd arcibiskup Alojz Tk\u00e1\u010d, pohreb bude 30. m\u00e1ja"},"content":{"rendered":"\t\t<div data-elementor-type=\"wp-post\" data-elementor-id=\"10330\" class=\"elementor elementor-10330\">\n\t\t\t\t<div class=\"elementor-element elementor-element-7889435 e-flex e-con-boxed e-con e-parent\" data-id=\"7889435\" data-element_type=\"container\">\n\t\t\t\t\t<div class=\"e-con-inner\">\n\t\t<div class=\"elementor-element elementor-element-7fe2049 e-con-full e-flex e-con e-child\" data-id=\"7fe2049\" data-element_type=\"container\">\n\t\t\t\t<div class=\"elementor-element elementor-element-c166318 elementor-widget elementor-widget-image\" data-id=\"c166318\" data-element_type=\"widget\" data-widget_type=\"image.default\">\n\t\t\t\t<div class=\"elementor-widget-container\">\n\t\t\t\t\t\t\t\t\t\t\t\t\t\t\t<img decoding=\"async\" width=\"182\" height=\"182\" src=\"https:\/\/farnostlipany.sk\/wp-content\/uploads\/2020\/02\/Tkac.jpg\" class=\"attachment-large size-large wp-image-3517\" alt=\"\" srcset=\"https:\/\/farnostlipany.sk\/wp-content\/uploads\/2020\/02\/Tkac.jpg 182w, https:\/\/farnostlipany.sk\/wp-content\/uploads\/2020\/02\/Tkac-150x150.jpg 150w\" sizes=\"(max-width: 182px) 100vw, 182px\" \/>\t\t\t\t\t\t\t\t\t\t\t\t\t\t\t<\/div>\n\t\t\t\t<\/div>\n\t\t\t\t<\/div>\n\t\t<div class=\"elementor-element elementor-element-810bc90 e-con-full e-flex e-con e-child\" data-id=\"810bc90\" data-element_type=\"container\">\n\t\t\t\t<div class=\"elementor-element elementor-element-73b26ae elementor-widget elementor-widget-text-editor\" data-id=\"73b26ae\" data-element_type=\"widget\" data-widget_type=\"text-editor.default\">\n\t\t\t\t<div class=\"elementor-widget-container\">\n\t\t\t\t\t\t\t\t\t<p>Vo veku 89 rokov dnes zomrel ko\u0161ick\u00fd emeritn\u00fd arcibiskup Mons. Alojz Tk\u00e1\u010d, informovala\u00a0Ko\u0161ick\u00e1 arcidiec\u00e9za. Posledn\u00e1 rozl\u00fa\u010dka so zosnul\u00fdm\u00a0arcibiskupom Tk\u00e1\u010dom bude v utorok 30. m\u00e1ja o 10:30 v\u00a0D\u00f3me sv. Al\u017ebety v Ko\u0161iciach. Pochovan\u00fd bude pri kardin\u00e1lovi Jozefovi Tomkovi\u00a0v\u00a0krypte D\u00f3mu pod olt\u00e1rom.<\/p><p>Kondolen\u010dn\u00e1 kniha bude v ko\u0161ickej katedr\u00e1le od stredy 24. m\u00e1ja. Rakva s pozostatkami bude k poslednej \u00facte vystaven\u00e1 v pondelok 29. m\u00e1ja od 10:00 do 20:00, uviedla arcidiec\u00e9za. V\u00a0de\u0148 pohrebu sa v\u00a0Ko\u0161iciach rozozvu\u010dia v\u0161etky zvony.\u00a0Na obradoch sa m\u00f4\u017ee z\u00fa\u010dastni\u0165 aj verejnos\u0165, pred d\u00f3mom bude\u00a0obrazovka so \u017eiv\u00fdm prenosom.<\/p>\t\t\t\t\t\t\t\t<\/div>\n\t\t\t\t<\/div>\n\t\t\t\t<\/div>\n\t\t\t\t\t<\/div>\n\t\t\t\t<\/div>\n\t\t\t\t<\/div>\n\t\t","protected":false},"excerpt":{"rendered":"<p>Vo veku 89 rokov dnes zomrel ko\u0161ick\u00fd emeritn\u00fd arcibiskup Mons. Alojz Tk\u00e1\u010d, informovala\u00a0Ko\u0161ick\u00e1 arcidiec\u00e9za. Posledn\u00e1 rozl\u00fa\u010dka so zosnul\u00fdm\u00a0arcibiskupom Tk\u00e1\u010dom bude v utorok 30. m\u00e1ja o 10:30 v\u00a0D\u00f3me sv. Al\u017ebety v Ko\u0161iciach. Pochovan\u00fd bude pri kardin\u00e1lovi Jozefovi Tomkovi\u00a0v\u00a0krypte D\u00f3mu pod olt\u00e1rom.<\/p>\n","protected":false},"author":3,"featured_media":0,"comment_status":"closed","ping_status":"closed","sticky":false,"template":"","format":"standard","meta":{"_monsterinsights_skip_tracking":false,"_monsterinsights_sitenote_active":false,"_monsterinsights_sitenote_note":"","_monsterinsights_sitenote_category":0,"footnotes":""},"categories":[1],"tags":[],"class_list":["post-10330","post","type-post","status-publish","format-standard","hentry","category-nezaradene"],"_links":{"self":[{"href":"https:\/\/farnostlipany.sk\/index.php?rest_route=\/wp\/v2\/posts\/10330","targetHints":{"allow":["GET"]}}],"collection":[{"href":"https:\/\/farnostlipany.sk\/index.php?rest_route=\/wp\/v2\/posts"}],"about":[{"href":"https:\/\/farnostlipany.sk\/index.php?rest_route=\/wp\/v2\/types\/post"}],"author":[{"embeddable":true,"href":"https:\/\/farnostlipany.sk\/index.php?rest_route=\/wp\/v2\/users\/3"}],"replies":[{"embeddable":true,"href":"https:\/\/farnostlipany.sk\/index.php?rest_route=%2Fwp%2Fv2%2Fcomments&post=10330"}],"version-history":[{"count":4,"href":"https:\/\/farnostlipany.sk\/index.php?rest_route=\/wp\/v2\/posts\/10330\/revisions"}],"predecessor-version":[{"id":10334,"href":"https:\/\/farnostlipany.sk\/index.php?rest_route=\/wp\/v2\/posts\/10330\/revisions\/10334"}],"wp:attachment":[{"href":"https:\/\/farnostlipany.sk\/index.php?rest_route=%2Fwp%2Fv2%2Fmedia&parent=10330"}],"wp:term":[{"taxonomy":"category","embeddable":true,"href":"https:\/\/farnostlipany.sk\/index.php?rest_route=%2Fwp%2Fv2%2Fcategories&post=10330"},{"taxonomy":"post_tag","embeddable":true,"href":"https:\/\/farnostlipany.sk\/index.php?rest_route=%2Fwp%2Fv2%2Ftags&post=10330"}],"curies":[{"name":"wp","href":"https:\/\/api.w.org\/{rel}","templated":true}]}}