{"id":10483,"date":"2024-07-21T00:36:33","date_gmt":"2024-07-20T22:36:33","guid":{"rendered":"https:\/\/farnostlipany.sk\/?p=10483"},"modified":"2024-08-03T14:53:22","modified_gmt":"2024-08-03T12:53:22","slug":"den-starych-rodicov-a-seniorov","status":"publish","type":"post","link":"https:\/\/farnostlipany.sk\/?p=10483","title":{"rendered":"DE\u0147 STAR\u00ddCH RODI\u010cOV A SENIOROV"},"content":{"rendered":"\t\t<div data-elementor-type=\"wp-post\" data-elementor-id=\"10483\" class=\"elementor elementor-10483\">\n\t\t\t\t<div class=\"elementor-element elementor-element-27b9e42 e-flex e-con-boxed e-con e-parent\" data-id=\"27b9e42\" data-element_type=\"container\">\n\t\t\t\t\t<div class=\"e-con-inner\">\n\t\t\t\t<div class=\"elementor-element elementor-element-7e6028f elementor-widget elementor-widget-image\" data-id=\"7e6028f\" data-element_type=\"widget\" data-widget_type=\"image.default\">\n\t\t\t\t<div class=\"elementor-widget-container\">\n\t\t\t\t\t\t\t\t\t\t\t\t\t\t\t<img fetchpriority=\"high\" decoding=\"async\" width=\"660\" height=\"660\" src=\"https:\/\/farnostlipany.sk\/wp-content\/uploads\/2023\/07\/zapojte-sa_mladi_Grafika_FB-IG-1024x1024.jpg\" class=\"attachment-large size-large wp-image-10543\" alt=\"\" srcset=\"https:\/\/farnostlipany.sk\/wp-content\/uploads\/2023\/07\/zapojte-sa_mladi_Grafika_FB-IG-1024x1024.jpg 1024w, https:\/\/farnostlipany.sk\/wp-content\/uploads\/2023\/07\/zapojte-sa_mladi_Grafika_FB-IG-300x300.jpg 300w, https:\/\/farnostlipany.sk\/wp-content\/uploads\/2023\/07\/zapojte-sa_mladi_Grafika_FB-IG-150x150.jpg 150w, https:\/\/farnostlipany.sk\/wp-content\/uploads\/2023\/07\/zapojte-sa_mladi_Grafika_FB-IG-768x768.jpg 768w, https:\/\/farnostlipany.sk\/wp-content\/uploads\/2023\/07\/zapojte-sa_mladi_Grafika_FB-IG.jpg 1080w\" sizes=\"(max-width: 660px) 100vw, 660px\" \/>\t\t\t\t\t\t\t\t\t\t\t\t\t\t\t<\/div>\n\t\t\t\t<\/div>\n\t\t\t\t\t<\/div>\n\t\t\t\t<\/div>\n\t\t<div class=\"elementor-element elementor-element-59a8efb e-flex e-con-boxed e-con e-parent\" data-id=\"59a8efb\" data-element_type=\"container\">\n\t\t\t\t\t<div class=\"e-con-inner\">\n\t\t\t\t<div class=\"elementor-element elementor-element-11c52e2 elementor-widget elementor-widget-text-editor\" data-id=\"11c52e2\" data-element_type=\"widget\" data-widget_type=\"text-editor.default\">\n\t\t\t\t<div class=\"elementor-widget-container\">\n\t\t\t\t\t\t\t\t\t<p>De\u0148 star\u00fdch rodi\u010dov a seniorov si v Cirkvi pripomenieme v nede\u013eu 23. j\u00fala, ktor\u00e1 je pred sviatkom sv. Joachima a sv. Anny. Sl\u00e1venie Svetov\u00e9ho d\u0148a star\u00fdch rodi\u010dov a seniorov m\u00e1 pozost\u00e1va\u0165 z troch \u010dast\u00ed: n\u00e1v\u0161tevy star\u00fdch \u013eud\u00ed, z osobitnej sv. om\u0161e venovanej seniorom a z pietnej spomienky na zomrel\u00fdch star\u00fdch rodi\u010dov. Sv\u00e4t\u00fd Otec Franti\u0161ek, ktor\u00fd je z\u00e1stancom d\u00f4stojnosti starnutia a \u010dasto zd\u00f4raz\u0148uje d\u00f4le\u017eit\u00fa \u00falohu star\u00fdch rodi\u010dov pri odovzd\u00e1van\u00ed katol\u00edckej viery, za t\u00e9mu d\u0148a zvolil slov\u00e1: \u201eJeho milosrdenstvo z pokolenia na pokolenie\u201c (Lk 1,50).<\/p><p>\u201eTento ver\u0161 n\u00e1m pripom\u00edna, \u017ee Bo\u017eie milosrdenstvo sa v dejin\u00e1ch prejavuje prostredn\u00edctvom svedectiev t\u00fdch, ktor\u00ed ho za\u017eili a odovzdali svojim de\u0165om a vn\u00fa\u010dat\u00e1m. Star\u00ed rodi\u010dia a star\u00ed \u013eudia s\u00fa povolan\u00ed nies\u0165 toto milosrdenstvo, aby slovami a \u017eivotom hovorili o tom, ako bol Boh vern\u00fd svojim s\u013eubom a ako na\u010falej miluje svoj \u013eud. S\u00fa tie\u017e povolan\u00ed prija\u0165 Bo\u017eie milosrdenstvo a necha\u0165 sa ute\u0161i\u0165 Jeho otcovskou l\u00e1skou, ktor\u00e1 ich nikdy neopust\u00ed\u201c (kard. Kevin Farrell, prefekt Dikast\u00e9ria pre laikov, rodinu a \u017eivot).<\/p>\t\t\t\t\t\t\t\t<\/div>\n\t\t\t\t<\/div>\n\t\t\t\t\t<\/div>\n\t\t\t\t<\/div>\n\t\t<div class=\"elementor-element elementor-element-cae7735 e-flex e-con-boxed e-con e-parent\" data-id=\"cae7735\" data-element_type=\"container\">\n\t\t\t\t\t<div class=\"e-con-inner\">\n\t\t\t\t<div class=\"elementor-element elementor-element-969a9ff elementor-widget elementor-widget-text-editor\" data-id=\"969a9ff\" data-element_type=\"widget\" data-widget_type=\"text-editor.default\">\n\t\t\t\t<div class=\"elementor-widget-container\">\n\t\t\t\t\t\t\t\t\t<p>Sv\u00e4t\u00fd Otec Franti\u0161ek vyhl\u00e1sil tento rok 3. Svetov\u00fd de\u0148 star\u00fdch rodi\u010dov a seniorov s t\u00e9mou &#8222;Jeho milosrdenstvo trv\u00e1 z pokolenia na pokolenie&#8220; (Lk 1, 50). Je zameran\u00fd na dial\u00f3g medzi gener\u00e1ciami, \u010do vytv\u00e1ra priestor k zapojeniu star\u0161\u00edch i mlad\u0161\u00edch. Viac inform\u00e1ci\u00ed n\u00e1jdete na str\u00e1nke Rady pre rodinu pri KBS: <a href=\"https:\/\/rodina.kbs.sk\/sekcia\/podujatia\/svetovy-den-starych-rodicov-a-seniorov\">https:\/\/rodina.kbs.sk\/sekcia\/podujatia\/svetovy-den-starych-rodicov-a-seniorov<\/a><\/p>\t\t\t\t\t\t\t\t<\/div>\n\t\t\t\t<\/div>\n\t\t\t\t\t<\/div>\n\t\t\t\t<\/div>\n\t\t\t\t<\/div>\n\t\t","protected":false},"excerpt":{"rendered":"<p>De\u0148 star\u00fdch rodi\u010dov a seniorov si v Cirkvi pripomenieme v nede\u013eu 23. j\u00fala, ktor\u00e1 je pred sviatkom sv. Joachima a sv. Anny. Sl\u00e1venie Svetov\u00e9ho d\u0148a star\u00fdch rodi\u010dov a seniorov m\u00e1 pozost\u00e1va\u0165 z troch \u010dast\u00ed: n\u00e1v\u0161tevy star\u00fdch \u013eud\u00ed, z osobitnej sv.<\/p>\n","protected":false},"author":3,"featured_media":10543,"comment_status":"closed","ping_status":"closed","sticky":false,"template":"","format":"standard","meta":{"_monsterinsights_skip_tracking":false,"_monsterinsights_sitenote_active":false,"_monsterinsights_sitenote_note":"","_monsterinsights_sitenote_category":0,"footnotes":""},"categories":[1],"tags":[],"class_list":["post-10483","post","type-post","status-publish","format-standard","has-post-thumbnail","hentry","category-nezaradene"],"_links":{"self":[{"href":"https:\/\/farnostlipany.sk\/index.php?rest_route=\/wp\/v2\/posts\/10483","targetHints":{"allow":["GET"]}}],"collection":[{"href":"https:\/\/farnostlipany.sk\/index.php?rest_route=\/wp\/v2\/posts"}],"about":[{"href":"https:\/\/farnostlipany.sk\/index.php?rest_route=\/wp\/v2\/types\/post"}],"author":[{"embeddable":true,"href":"https:\/\/farnostlipany.sk\/index.php?rest_route=\/wp\/v2\/users\/3"}],"replies":[{"embeddable":true,"href":"https:\/\/farnostlipany.sk\/index.php?rest_route=%2Fwp%2Fv2%2Fcomments&post=10483"}],"version-history":[{"count":6,"href":"https:\/\/farnostlipany.sk\/index.php?rest_route=\/wp\/v2\/posts\/10483\/revisions"}],"predecessor-version":[{"id":11744,"href":"https:\/\/farnostlipany.sk\/index.php?rest_route=\/wp\/v2\/posts\/10483\/revisions\/11744"}],"wp:featuredmedia":[{"embeddable":true,"href":"https:\/\/farnostlipany.sk\/index.php?rest_route=\/wp\/v2\/media\/10543"}],"wp:attachment":[{"href":"https:\/\/farnostlipany.sk\/index.php?rest_route=%2Fwp%2Fv2%2Fmedia&parent=10483"}],"wp:term":[{"taxonomy":"category","embeddable":true,"href":"https:\/\/farnostlipany.sk\/index.php?rest_route=%2Fwp%2Fv2%2Fcategories&post=10483"},{"taxonomy":"post_tag","embeddable":true,"href":"https:\/\/farnostlipany.sk\/index.php?rest_route=%2Fwp%2Fv2%2Ftags&post=10483"}],"curies":[{"name":"wp","href":"https:\/\/api.w.org\/{rel}","templated":true}]}}