{"id":10785,"date":"2023-09-08T19:27:00","date_gmt":"2023-09-08T17:27:00","guid":{"rendered":"https:\/\/farnostlipany.sk\/?p=10785"},"modified":"2023-09-10T23:30:44","modified_gmt":"2023-09-10T21:30:44","slug":"pozvanka-kardinal-pietro-parolin-15-09-2023","status":"publish","type":"post","link":"https:\/\/farnostlipany.sk\/?p=10785","title":{"rendered":"Pozv\u00e1nka &#8211; kardin\u00e1l Pietro Parolin 15.09.2023"},"content":{"rendered":"\t\t<div data-elementor-type=\"wp-post\" data-elementor-id=\"10785\" class=\"elementor elementor-10785\">\n\t\t\t\t<div class=\"elementor-element elementor-element-87de1b8 e-flex e-con-boxed e-con e-parent\" data-id=\"87de1b8\" data-element_type=\"container\">\n\t\t\t\t\t<div class=\"e-con-inner\">\n\t\t\t\t<div class=\"elementor-element elementor-element-f80a479 elementor-widget elementor-widget-text-editor\" data-id=\"f80a479\" data-element_type=\"widget\" data-widget_type=\"text-editor.default\">\n\t\t\t\t<div class=\"elementor-widget-container\">\n\t\t\t\t\t\t\t\t\t<p class=\"x_MsoNormal\">V d\u0148och 14. \u2013 16. septembra 2023 nav\u0161t\u00edvi Slovensko \u0161t\u00e1tny sekret\u00e1r Sv\u00e4t\u00e9ho stolca <b>J. Em. Pietro Parolin<\/b>, \u201edruh\u00fd mu\u017e Vatik\u00e1nu\u201c.<\/p>\n<p class=\"x_MsoNormal\"><span data-ogsc=\"black\" data-ogsb=\"white\">Pricestuje pri pr\u00edle\u017eitosti 30. v\u00fdro\u010dia obnovenia diplomatick\u00fdch vz\u0165ahov medzi Slovenskou republikou a&nbsp;Sv\u00e4t\u00fdm stolcom, 1160. v\u00fdro\u010dia pr\u00edchodu sv. Cyrila a Metoda na na\u0161e \u00fazemie, 20. v\u00fdro\u010dia n\u00e1v\u0161tevy sv\u00e4t\u00e9ho J\u00e1na Pavla II. na Slovensku a druh\u00e9ho v\u00fdro\u010dia n\u00e1v\u0161tevy p\u00e1pe\u017ea Franti\u0161ka na Slovensku. Nav\u0161t\u00edvi Bratislavu, \u0160a\u0161t\u00edn, Ko\u0161ice a Kloko\u010dov.<\/span><\/p>\n<p class=\"x_MsoNormal\">Jeho program v&nbsp;piatok&nbsp;<b>15. septembra o&nbsp;19:00 h&nbsp;<\/b>zah\u0155\u0148a aj n\u00e1v\u0161tevu D\u00f3mu sv.&nbsp;Al\u017ebety a&nbsp;modlitbu Ve\u010dern\u00fdch chv\u00e1l \u2013 Ve\u0161pier, na ktor\u00fa v\u00e1s srde\u010dne poz\u00fdvam.<\/p>\n<p class=\"x_MsoNormal\">Na tomto stretnut\u00ed kardin\u00e1l Parolin prednesie pr\u00edhovor s posolstvom a po\u017eehnan\u00edm od p\u00e1pe\u017ea Franti\u0161ka.<\/p>\t\t\t\t\t\t\t\t<\/div>\n\t\t\t\t<\/div>\n\t\t\t\t\t<\/div>\n\t\t\t\t<\/div>\n\t\t\t\t<\/div>\n\t\t","protected":false},"excerpt":{"rendered":"<p>V d\u0148och 14. \u2013 16. septembra 2023 nav\u0161t\u00edvi Slovensko \u0161t\u00e1tny sekret\u00e1r Sv\u00e4t\u00e9ho stolca J. Em. Pietro Parolin, \u201edruh\u00fd mu\u017e Vatik\u00e1nu\u201c. Pricestuje pri pr\u00edle\u017eitosti 30. v\u00fdro\u010dia obnovenia diplomatick\u00fdch vz\u0165ahov medzi Slovenskou republikou a&nbsp;Sv\u00e4t\u00fdm stolcom, 1160. v\u00fdro\u010dia pr\u00edchodu sv. Cyrila a Metoda<\/p>\n","protected":false},"author":3,"featured_media":0,"comment_status":"closed","ping_status":"closed","sticky":false,"template":"","format":"standard","meta":{"_monsterinsights_skip_tracking":false,"_monsterinsights_sitenote_active":false,"_monsterinsights_sitenote_note":"","_monsterinsights_sitenote_category":0,"footnotes":""},"categories":[1],"tags":[],"class_list":["post-10785","post","type-post","status-publish","format-standard","hentry","category-nezaradene"],"_links":{"self":[{"href":"https:\/\/farnostlipany.sk\/index.php?rest_route=\/wp\/v2\/posts\/10785","targetHints":{"allow":["GET"]}}],"collection":[{"href":"https:\/\/farnostlipany.sk\/index.php?rest_route=\/wp\/v2\/posts"}],"about":[{"href":"https:\/\/farnostlipany.sk\/index.php?rest_route=\/wp\/v2\/types\/post"}],"author":[{"embeddable":true,"href":"https:\/\/farnostlipany.sk\/index.php?rest_route=\/wp\/v2\/users\/3"}],"replies":[{"embeddable":true,"href":"https:\/\/farnostlipany.sk\/index.php?rest_route=%2Fwp%2Fv2%2Fcomments&post=10785"}],"version-history":[{"count":4,"href":"https:\/\/farnostlipany.sk\/index.php?rest_route=\/wp\/v2\/posts\/10785\/revisions"}],"predecessor-version":[{"id":10789,"href":"https:\/\/farnostlipany.sk\/index.php?rest_route=\/wp\/v2\/posts\/10785\/revisions\/10789"}],"wp:attachment":[{"href":"https:\/\/farnostlipany.sk\/index.php?rest_route=%2Fwp%2Fv2%2Fmedia&parent=10785"}],"wp:term":[{"taxonomy":"category","embeddable":true,"href":"https:\/\/farnostlipany.sk\/index.php?rest_route=%2Fwp%2Fv2%2Fcategories&post=10785"},{"taxonomy":"post_tag","embeddable":true,"href":"https:\/\/farnostlipany.sk\/index.php?rest_route=%2Fwp%2Fv2%2Ftags&post=10785"}],"curies":[{"name":"wp","href":"https:\/\/api.w.org\/{rel}","templated":true}]}}