{"id":10827,"date":"2023-09-11T00:34:32","date_gmt":"2023-09-10T22:34:32","guid":{"rendered":"https:\/\/farnostlipany.sk\/?p=10827"},"modified":"2023-09-18T00:35:41","modified_gmt":"2023-09-17T22:35:41","slug":"urad-pre-nahlasenie-zneuzivania-v-cirkvi","status":"publish","type":"post","link":"https:\/\/farnostlipany.sk\/?p=10827","title":{"rendered":"\u00darad pre nahl\u00e1senie zneu\u017e\u00edvania v Cirkvi"},"content":{"rendered":"\t\t<div data-elementor-type=\"wp-post\" data-elementor-id=\"10827\" class=\"elementor elementor-10827\">\n\t\t\t\t<div class=\"elementor-element elementor-element-c93761f e-flex e-con-boxed e-con e-parent\" data-id=\"c93761f\" data-element_type=\"container\">\n\t\t\t\t\t<div class=\"e-con-inner\">\n\t\t\t\t<div class=\"elementor-element elementor-element-3995631 elementor-widget elementor-widget-text-editor\" data-id=\"3995631\" data-element_type=\"widget\" data-widget_type=\"text-editor.default\">\n\t\t\t\t<div class=\"elementor-widget-container\">\n\t\t\t\t\t\t\t\t\t<p>Od 1. j\u00fana 2023 bol na Arcibiskupskom \u00farade v\u00a0Ko\u0161iciach zriaden\u00fd \u00darad pre nahl\u00e1senie zneu\u017e\u00edvania v\u00a0Cirkvi. Jeho veden\u00edm je poveren\u00e1 JCLic. Zuzana Petk\u00e1\u010dov\u00e1, PhD. (945, 947\/23)<\/p><p>\u00a0\u00a0\u00a0\u00a0\u00a0\u00a0\u00a0\u00a0\u00a0\u00a0\u00a0 Str\u00e1nkov\u00e9 hodiny: utorok a\u00a0\u0161tvrtok 13.00 \u2013 15.00<\/p><p>\u00a0\u00a0\u00a0\u00a0\u00a0\u00a0\u00a0\u00a0\u00a0\u00a0\u00a0 Tel. \u010d. 055\/68 28\u00a0101; nahlaseniezneuzivania@abuke.sk<\/p>\t\t\t\t\t\t\t\t<\/div>\n\t\t\t\t<\/div>\n\t\t\t\t\t<\/div>\n\t\t\t\t<\/div>\n\t\t\t\t<\/div>\n\t\t","protected":false},"excerpt":{"rendered":"<p>Od 1. j\u00fana 2023 bol na Arcibiskupskom \u00farade v\u00a0Ko\u0161iciach zriaden\u00fd \u00darad pre nahl\u00e1senie zneu\u017e\u00edvania v\u00a0Cirkvi. Jeho veden\u00edm je poveren\u00e1 JCLic. Zuzana Petk\u00e1\u010dov\u00e1, PhD. (945, 947\/23) \u00a0\u00a0\u00a0\u00a0\u00a0\u00a0\u00a0\u00a0\u00a0\u00a0\u00a0 Str\u00e1nkov\u00e9 hodiny: utorok a\u00a0\u0161tvrtok 13.00 \u2013 15.00 \u00a0\u00a0\u00a0\u00a0\u00a0\u00a0\u00a0\u00a0\u00a0\u00a0\u00a0 Tel. \u010d. 055\/68 28\u00a0101; nahlaseniezneuzivania@abuke.sk<\/p>\n","protected":false},"author":3,"featured_media":0,"comment_status":"closed","ping_status":"closed","sticky":false,"template":"","format":"standard","meta":{"_monsterinsights_skip_tracking":false,"_monsterinsights_sitenote_active":false,"_monsterinsights_sitenote_note":"","_monsterinsights_sitenote_category":0,"footnotes":""},"categories":[1],"tags":[],"class_list":["post-10827","post","type-post","status-publish","format-standard","hentry","category-nezaradene"],"_links":{"self":[{"href":"https:\/\/farnostlipany.sk\/index.php?rest_route=\/wp\/v2\/posts\/10827","targetHints":{"allow":["GET"]}}],"collection":[{"href":"https:\/\/farnostlipany.sk\/index.php?rest_route=\/wp\/v2\/posts"}],"about":[{"href":"https:\/\/farnostlipany.sk\/index.php?rest_route=\/wp\/v2\/types\/post"}],"author":[{"embeddable":true,"href":"https:\/\/farnostlipany.sk\/index.php?rest_route=\/wp\/v2\/users\/3"}],"replies":[{"embeddable":true,"href":"https:\/\/farnostlipany.sk\/index.php?rest_route=%2Fwp%2Fv2%2Fcomments&post=10827"}],"version-history":[{"count":4,"href":"https:\/\/farnostlipany.sk\/index.php?rest_route=\/wp\/v2\/posts\/10827\/revisions"}],"predecessor-version":[{"id":10831,"href":"https:\/\/farnostlipany.sk\/index.php?rest_route=\/wp\/v2\/posts\/10827\/revisions\/10831"}],"wp:attachment":[{"href":"https:\/\/farnostlipany.sk\/index.php?rest_route=%2Fwp%2Fv2%2Fmedia&parent=10827"}],"wp:term":[{"taxonomy":"category","embeddable":true,"href":"https:\/\/farnostlipany.sk\/index.php?rest_route=%2Fwp%2Fv2%2Fcategories&post=10827"},{"taxonomy":"post_tag","embeddable":true,"href":"https:\/\/farnostlipany.sk\/index.php?rest_route=%2Fwp%2Fv2%2Ftags&post=10827"}],"curies":[{"name":"wp","href":"https:\/\/api.w.org\/{rel}","templated":true}]}}