{"id":11601,"date":"2024-05-16T21:12:05","date_gmt":"2024-05-16T19:12:05","guid":{"rendered":"https:\/\/farnostlipany.sk\/?p=11601"},"modified":"2024-05-20T21:15:29","modified_gmt":"2024-05-20T19:15:29","slug":"1-vyrocie-smrti-emeritneho-arcibiskupa-alojza-tkaca-23-maj-2024","status":"publish","type":"post","link":"https:\/\/farnostlipany.sk\/?p=11601","title":{"rendered":"1. v\u00fdro\u010die smrti emeritn\u00e9ho arcibiskupa Alojza Tk\u00e1\u010da &#8211; 23. m\u00e1j 2024"},"content":{"rendered":"\t\t<div data-elementor-type=\"wp-post\" data-elementor-id=\"11601\" class=\"elementor elementor-11601\">\n\t\t\t\t<div class=\"elementor-element elementor-element-f4e8299 e-flex e-con-boxed e-con e-parent\" data-id=\"f4e8299\" data-element_type=\"container\">\n\t\t\t\t\t<div class=\"e-con-inner\">\n\t\t<div class=\"elementor-element elementor-element-a95bd3a e-con-full e-flex e-con e-child\" data-id=\"a95bd3a\" data-element_type=\"container\">\n\t\t\t\t<div class=\"elementor-element elementor-element-8fea05b elementor-widget elementor-widget-image\" data-id=\"8fea05b\" data-element_type=\"widget\" data-widget_type=\"image.default\">\n\t\t\t\t<div class=\"elementor-widget-container\">\n\t\t\t\t\t\t\t\t\t\t\t\t\t\t\t<img decoding=\"async\" src=\"https:\/\/farnostlipany.sk\/wp-content\/uploads\/2020\/02\/Tkac.jpg\" title=\"\" alt=\"\" loading=\"lazy\" \/>\t\t\t\t\t\t\t\t\t\t\t\t\t\t\t<\/div>\n\t\t\t\t<\/div>\n\t\t\t\t<\/div>\n\t\t<div class=\"elementor-element elementor-element-9e58098 e-con-full e-flex e-con e-child\" data-id=\"9e58098\" data-element_type=\"container\">\n\t\t\t\t<div class=\"elementor-element elementor-element-a3bb6f5 elementor-widget elementor-widget-text-editor\" data-id=\"a3bb6f5\" data-element_type=\"widget\" data-widget_type=\"text-editor.default\">\n\t\t\t\t<div class=\"elementor-widget-container\">\n\t\t\t\t\t\t\t\t\t<ul><li>narodil sa 2. 3. 1934 v Ohradzanoch v okrese Humenn\u00e9<\/li><li>za k\u0148aza bol vysv\u00e4ten\u00fd 25. 6. 1961 v Bratislave<\/li><li>od roku 1961 bol kapl\u00e1nom v Zborove<\/li><li>od roku 1963 absolvoval z\u00e1kladn\u00fa vojensk\u00fa slu\u017ebu<\/li><li>od roku 1964 bol archiv\u00e1rom biskupsk\u00e9ho \u00faradu v Ko\u0161iciach<\/li><li>od roku 1976 bol mimo pastor\u00e1cie (odobran\u00fd \u0161t\u00e1tny s\u00fahlas)<\/li><li>od roku 1983 bol far\u00e1rom v \u010cervenici<\/li><li>18. 2. 1990 bol menovan\u00fd za apo\u0161tolsk\u00e9ho administr\u00e1tora v Ko\u0161iciach<\/li><li>17. 3. 1990 ho J.Em. Jozef kardin\u00e1l Tomko na V\u0161e\u0161portovom are\u00e1li v Ko\u0161iciach vysv\u00e4til za biskupa,<\/li><li>od roku 1998 do 2001 bol podpredsedom Konferencie biskupov Slovenska<\/li><li>31. 3. 1995 Ko\u0161ice boli ako metropola novej cirkevnej provincie pov\u00fd\u0161en\u00e9 na s\u00eddlo arcibiskupa, \u010d\u00edm sa stal arcibiskupom-metropolitom<\/li><li>od roku 2003 bol \u010dlenom St\u00e1lej rady KBS<\/li><li>10. j\u00fala 2010 k\u00e1nonicky odovzdal \u00farad arcibiskupa-metropolitu Ko\u0161ickej arcidiec\u00e9zy<\/li><li>je nosite\u013eom Diamantovej J\u00e1nskeho plakety za dobrovo\u013en\u00e9 darcovstvo krvi (100 kr\u00e1t).<\/li><li>+ 23. m\u00e1ja 2023 Ko\u0161ice<\/li><\/ul><p>\u00a0<\/p><hr \/><p>\u00a0<\/p><p><strong><big>Biskupsk\u00fd erb<\/big><\/strong><br \/>\u00a0<\/p><p><img decoding=\"async\" src=\"https:\/\/www.ke-arcidieceza.sk\/fileman\/Uploads\/Biskupi\/Biskupi-dejiny\/erbtkac.png\" alt=\"\" data-nsfw-filter-status=\"sfw\" \/><\/p><p>Biskupsk\u00fd erb (1990 &#8211; 1995, nezobrazen\u00fd): V pravej \u010dasti \u0161t\u00edtu zlat\u00e9 zvisl\u00e9 brvno rozde\u013euj\u00face \u0161t\u00edt na prav\u00fa 1\/3 a \u013eav\u00e9 2\/3, prekr\u00ed\u017een\u00e9 s vodorovn\u00fdm zlat\u00fdm brvnom v hornej \u010dasti \u0161t\u00edtu, deliacim \u0161t\u00edt na horn\u00fa 1\/3 a doln\u00e9 2\/3.Prv\u00e9 pole je \u010derven\u00e9, v druhom modrom poli tri anjouovsk\u00e9 \u013ealie, v tre\u0165om \u010dervenom poli strieborn\u00fd dvojkr\u00ed\u017e vyrastaj\u00faci z prostredn\u00e9ho v\u0155\u0161ku modr\u00e9ho dvojvr\u0161ia, \u0161tvrt\u00e9 pole je modr\u00e9. Nad \u0161t\u00edtom je kr\u00ed\u017e s rukov\u00e4\u0165ou, vpravo mitra, v\u013eavo berla s to\u010den\u00edm von. V\u0161etko prev\u00fd\u0161en\u00e9 biskupsk\u00fdm klob\u00fakom. Heslo: Praedicare, regere, sanctificare = Ohlasova\u0165, spravova\u0165, posv\u00e4cova\u0165.<\/p><p>Arcibiskupsk\u00fd erb (1995 &#8211; 2010): V pravej \u010dasti \u0161t\u00edtu zlat\u00e9 zvisl\u00e9 brvno rozde\u013euj\u00face \u0161t\u00edt na prav\u00fa 1\/3 a \u013eav\u00e9 2\/3, prekr\u00ed\u017een\u00e9 s vodorovn\u00fdm zlat\u00fdm brvnom v hornej \u010dasti \u0161t\u00edtu, deliacim \u0161t\u00edt na horn\u00fa 1\/3 a doln\u00e9 2\/3. Prv\u00e9 pole je \u010derven\u00e9, v druhom modrom poli tri anjouovsk\u00e9 \u013ealie, v tre\u0165om \u010dervenom poli strieborn\u00fd dvojkr\u00ed\u017e vyrastaj\u00faci z prostredn\u00e9ho v\u0155\u0161ku modr\u00e9ho dvojvr\u0161ia, \u0161tvrt\u00e9 pole je modr\u00e9. Nad \u0161t\u00edtom patriarch\u00e1lny dvojkr\u00ed\u017e s rukov\u00e4\u0165ou. V\u0161etko prev\u00fd\u0161en\u00e9 arcibiskupsk\u00fdm klob\u00fakom.<br \/><br \/><strong>Heslo:<\/strong>\u00a0Praedicare, regere, sanctificare = Ohlasova\u0165, spravova\u0165, posv\u00e4cova\u0165.<\/p><p>\u00a0<\/p>\t\t\t\t\t\t\t\t<\/div>\n\t\t\t\t<\/div>\n\t\t\t\t<\/div>\n\t\t\t\t\t<\/div>\n\t\t\t\t<\/div>\n\t\t\t\t<\/div>\n\t\t","protected":false},"excerpt":{"rendered":"<p>narodil sa 2. 3. 1934 v Ohradzanoch v okrese Humenn\u00e9 za k\u0148aza bol vysv\u00e4ten\u00fd 25. 6. 1961 v Bratislave od roku 1961 bol kapl\u00e1nom v Zborove od roku 1963 absolvoval z\u00e1kladn\u00fa vojensk\u00fa slu\u017ebu od roku 1964 bol archiv\u00e1rom biskupsk\u00e9ho \u00faradu<\/p>\n","protected":false},"author":3,"featured_media":0,"comment_status":"closed","ping_status":"closed","sticky":false,"template":"","format":"standard","meta":{"_monsterinsights_skip_tracking":false,"_monsterinsights_sitenote_active":false,"_monsterinsights_sitenote_note":"","_monsterinsights_sitenote_category":0,"footnotes":""},"categories":[1],"tags":[],"class_list":["post-11601","post","type-post","status-publish","format-standard","hentry","category-nezaradene"],"_links":{"self":[{"href":"https:\/\/farnostlipany.sk\/index.php?rest_route=\/wp\/v2\/posts\/11601","targetHints":{"allow":["GET"]}}],"collection":[{"href":"https:\/\/farnostlipany.sk\/index.php?rest_route=\/wp\/v2\/posts"}],"about":[{"href":"https:\/\/farnostlipany.sk\/index.php?rest_route=\/wp\/v2\/types\/post"}],"author":[{"embeddable":true,"href":"https:\/\/farnostlipany.sk\/index.php?rest_route=\/wp\/v2\/users\/3"}],"replies":[{"embeddable":true,"href":"https:\/\/farnostlipany.sk\/index.php?rest_route=%2Fwp%2Fv2%2Fcomments&post=11601"}],"version-history":[{"count":4,"href":"https:\/\/farnostlipany.sk\/index.php?rest_route=\/wp\/v2\/posts\/11601\/revisions"}],"predecessor-version":[{"id":11605,"href":"https:\/\/farnostlipany.sk\/index.php?rest_route=\/wp\/v2\/posts\/11601\/revisions\/11605"}],"wp:attachment":[{"href":"https:\/\/farnostlipany.sk\/index.php?rest_route=%2Fwp%2Fv2%2Fmedia&parent=11601"}],"wp:term":[{"taxonomy":"category","embeddable":true,"href":"https:\/\/farnostlipany.sk\/index.php?rest_route=%2Fwp%2Fv2%2Fcategories&post=11601"},{"taxonomy":"post_tag","embeddable":true,"href":"https:\/\/farnostlipany.sk\/index.php?rest_route=%2Fwp%2Fv2%2Ftags&post=11601"}],"curies":[{"name":"wp","href":"https:\/\/api.w.org\/{rel}","templated":true}]}}