{"id":11846,"date":"2024-09-23T09:43:00","date_gmt":"2024-09-23T07:43:00","guid":{"rendered":"https:\/\/farnostlipany.sk\/?p=11846"},"modified":"2024-09-09T00:44:52","modified_gmt":"2024-09-08T22:44:52","slug":"konferencia-kardinal-jozef-tomko-posolstvo-jeho-zivota-pre-sucasny-svet","status":"publish","type":"post","link":"https:\/\/farnostlipany.sk\/?p=11846","title":{"rendered":"Konferencia\u00a0Kardin\u00e1l Jozef Tomko \u2013 posolstvo jeho \u017eivota pre\u00a0s\u00fa\u010dasn\u00fd svet"},"content":{"rendered":"\t\t<div data-elementor-type=\"wp-post\" data-elementor-id=\"11846\" class=\"elementor elementor-11846\">\n\t\t\t\t<div class=\"elementor-element elementor-element-329cb96 e-flex e-con-boxed e-con e-parent\" data-id=\"329cb96\" data-element_type=\"container\">\n\t\t\t\t\t<div class=\"e-con-inner\">\n\t\t\t\t<div class=\"elementor-element elementor-element-2567e76 elementor-widget elementor-widget-text-editor\" data-id=\"2567e76\" data-element_type=\"widget\" data-widget_type=\"text-editor.default\">\n\t\t\t\t<div class=\"elementor-widget-container\">\n\t\t\t\t\t\t\t\t\t<p>Teologick\u00e1 fakulta Katol\u00edckej univerzity v\u00a0Ru\u017eomberku v spolupr\u00e1ci s Radou pre\u00a0hist\u00f3riu pri\u00a0KBS V\u00e1s srde\u010dne poz\u00fdva na\u00a0konferenciu s\u00a0n\u00e1zvom\u00a0<b>Kardin\u00e1l Jozef Tomko \u2013 posolstvo jeho \u017eivota pre\u00a0s\u00fa\u010dasn\u00fd svet<\/b>,\u00a0ktor\u00e1 sa uskuto\u010dn\u00ed d\u0148a\u00a0<b>30. septembra 2024 o\u00a09.00<\/b>\u00a0<b>hod.<\/b>\u00a0v\u00a0Aule sv. Ko\u0161ick\u00fdch mu\u010den\u00edkov Teologickej fakulty Katol\u00edckej univerzity v\u00a0Ru\u017eomberku, Hlavn\u00e1 89, 041 21 Ko\u0161ice. V tento de\u0148 si pripomenieme aj 30te v\u00fdro\u010die obnovenia K\u0148azsk\u00e9ho semin\u00e1ra sv. Karola Boromejsk\u00e9ho v Ko\u0161iciach. Bli\u017e\u0161ie inform\u00e1cie na\u00a0<a href=\"https:\/\/www.ku.sk\/fakulty-katolickej-univerzity\/teologicka-fakulta\/udalosti\/konferencia-kardinal-jozef-tomko-posolstvo-jeho-zivota-pre-sucasny-svet.html\" data-auth=\"NotApplicable\" data-linkindex=\"0\" data-ogsc=\"\">https:\/\/www.ku.sk\/fakulty-katolickej-univerzity\/teologicka-fakulta\/udalosti\/konferencia-kardinal-jozef-tomko-posolstvo-jeho-zivota-pre-sucasny-svet.html<\/a><\/p>\t\t\t\t\t\t\t\t<\/div>\n\t\t\t\t<\/div>\n\t\t\t\t\t<\/div>\n\t\t\t\t<\/div>\n\t\t\t\t<\/div>\n\t\t","protected":false},"excerpt":{"rendered":"<p>Teologick\u00e1 fakulta Katol\u00edckej univerzity v\u00a0Ru\u017eomberku v spolupr\u00e1ci s Radou pre\u00a0hist\u00f3riu pri\u00a0KBS V\u00e1s srde\u010dne poz\u00fdva na\u00a0konferenciu s\u00a0n\u00e1zvom\u00a0Kardin\u00e1l Jozef Tomko \u2013 posolstvo jeho \u017eivota pre\u00a0s\u00fa\u010dasn\u00fd svet,\u00a0ktor\u00e1 sa uskuto\u010dn\u00ed d\u0148a\u00a030. septembra 2024 o\u00a09.00\u00a0hod.\u00a0v\u00a0Aule sv. Ko\u0161ick\u00fdch mu\u010den\u00edkov Teologickej fakulty Katol\u00edckej univerzity v\u00a0Ru\u017eomberku, Hlavn\u00e1 89,<\/p>\n","protected":false},"author":3,"featured_media":0,"comment_status":"closed","ping_status":"closed","sticky":false,"template":"","format":"standard","meta":{"_monsterinsights_skip_tracking":false,"_monsterinsights_sitenote_active":false,"_monsterinsights_sitenote_note":"","_monsterinsights_sitenote_category":0,"footnotes":""},"categories":[1],"tags":[],"class_list":["post-11846","post","type-post","status-publish","format-standard","hentry","category-nezaradene"],"_links":{"self":[{"href":"https:\/\/farnostlipany.sk\/index.php?rest_route=\/wp\/v2\/posts\/11846","targetHints":{"allow":["GET"]}}],"collection":[{"href":"https:\/\/farnostlipany.sk\/index.php?rest_route=\/wp\/v2\/posts"}],"about":[{"href":"https:\/\/farnostlipany.sk\/index.php?rest_route=\/wp\/v2\/types\/post"}],"author":[{"embeddable":true,"href":"https:\/\/farnostlipany.sk\/index.php?rest_route=\/wp\/v2\/users\/3"}],"replies":[{"embeddable":true,"href":"https:\/\/farnostlipany.sk\/index.php?rest_route=%2Fwp%2Fv2%2Fcomments&post=11846"}],"version-history":[{"count":4,"href":"https:\/\/farnostlipany.sk\/index.php?rest_route=\/wp\/v2\/posts\/11846\/revisions"}],"predecessor-version":[{"id":11850,"href":"https:\/\/farnostlipany.sk\/index.php?rest_route=\/wp\/v2\/posts\/11846\/revisions\/11850"}],"wp:attachment":[{"href":"https:\/\/farnostlipany.sk\/index.php?rest_route=%2Fwp%2Fv2%2Fmedia&parent=11846"}],"wp:term":[{"taxonomy":"category","embeddable":true,"href":"https:\/\/farnostlipany.sk\/index.php?rest_route=%2Fwp%2Fv2%2Fcategories&post=11846"},{"taxonomy":"post_tag","embeddable":true,"href":"https:\/\/farnostlipany.sk\/index.php?rest_route=%2Fwp%2Fv2%2Ftags&post=11846"}],"curies":[{"name":"wp","href":"https:\/\/api.w.org\/{rel}","templated":true}]}}