{"id":11851,"date":"2024-09-23T19:45:00","date_gmt":"2024-09-23T17:45:00","guid":{"rendered":"https:\/\/farnostlipany.sk\/?p=11851"},"modified":"2024-09-09T00:46:56","modified_gmt":"2024-09-08T22:46:56","slug":"veni-sancte-pri-prilezitosti-zaciatku-akademickeho-roka-2024-2025","status":"publish","type":"post","link":"https:\/\/farnostlipany.sk\/?p=11851","title":{"rendered":"Veni Sancte pri pr\u00edle\u017eitosti za\u010diatku akademick\u00e9ho roka 2024\/2025"},"content":{"rendered":"\t\t<div data-elementor-type=\"wp-post\" data-elementor-id=\"11851\" class=\"elementor elementor-11851\">\n\t\t\t\t<div class=\"elementor-element elementor-element-b58daeb e-flex e-con-boxed e-con e-parent\" data-id=\"b58daeb\" data-element_type=\"container\">\n\t\t\t\t\t<div class=\"e-con-inner\">\n\t\t\t\t<div class=\"elementor-element elementor-element-447e178 elementor-widget elementor-widget-text-editor\" data-id=\"447e178\" data-element_type=\"widget\" data-widget_type=\"text-editor.default\">\n\t\t\t\t<div class=\"elementor-widget-container\">\n\t\t\t\t\t\t\t\t\t<p><span data-ogsc=\"black\">Teologick\u00e1 fakulta Katol\u00edckej univerzity v Ko\u0161iciach, K\u0148azsk\u00fd semin\u00e1r sv. Karola Boromejsk\u00e9ho v Ko\u0161iciach a Univerzitn\u00e9 pastora\u010dn\u00e9 centrum sv. Ko\u0161ick\u00fdch mu\u010den\u00edkov v Ko\u0161iciach v spolupr\u00e1ci s Ekumenick\u00fdm spolo\u010denstvom cirkv\u00ed a n\u00e1bo\u017eensk\u00fdch spolo\u010dnost\u00ed na \u00fazem\u00ed mesta Ko\u0161ice V\u00e1s srde\u010dne poz\u00fdvaj\u00fa na\u00a0<b>sl\u00e1vnostn\u00e9 Veni Sancte<\/b>\u00a0pri pr\u00edle\u017eitosti za\u010diatku akademick\u00e9ho roka\u00a02024\/2025\u00a0do semin\u00e1rneho kostola Sv. Antona Padu\u00e1nskeho d\u0148a\u00a0<b>30. 09. 2024\u00a0o<\/b><\/span><b>\u00a0<span data-ogsc=\"black\">19<\/span>.<span data-ogsc=\"black\">00 hod.<\/span><\/b><\/p>\t\t\t\t\t\t\t\t<\/div>\n\t\t\t\t<\/div>\n\t\t\t\t\t<\/div>\n\t\t\t\t<\/div>\n\t\t\t\t<\/div>\n\t\t","protected":false},"excerpt":{"rendered":"<p>Teologick\u00e1 fakulta Katol\u00edckej univerzity v Ko\u0161iciach, K\u0148azsk\u00fd semin\u00e1r sv. Karola Boromejsk\u00e9ho v Ko\u0161iciach a Univerzitn\u00e9 pastora\u010dn\u00e9 centrum sv. Ko\u0161ick\u00fdch mu\u010den\u00edkov v Ko\u0161iciach v spolupr\u00e1ci s Ekumenick\u00fdm spolo\u010denstvom cirkv\u00ed a n\u00e1bo\u017eensk\u00fdch spolo\u010dnost\u00ed na \u00fazem\u00ed mesta Ko\u0161ice V\u00e1s srde\u010dne poz\u00fdvaj\u00fa na\u00a0sl\u00e1vnostn\u00e9 Veni<\/p>\n","protected":false},"author":3,"featured_media":0,"comment_status":"closed","ping_status":"closed","sticky":false,"template":"","format":"standard","meta":{"_monsterinsights_skip_tracking":false,"_monsterinsights_sitenote_active":false,"_monsterinsights_sitenote_note":"","_monsterinsights_sitenote_category":0,"footnotes":""},"categories":[1],"tags":[],"class_list":["post-11851","post","type-post","status-publish","format-standard","hentry","category-nezaradene"],"_links":{"self":[{"href":"https:\/\/farnostlipany.sk\/index.php?rest_route=\/wp\/v2\/posts\/11851","targetHints":{"allow":["GET"]}}],"collection":[{"href":"https:\/\/farnostlipany.sk\/index.php?rest_route=\/wp\/v2\/posts"}],"about":[{"href":"https:\/\/farnostlipany.sk\/index.php?rest_route=\/wp\/v2\/types\/post"}],"author":[{"embeddable":true,"href":"https:\/\/farnostlipany.sk\/index.php?rest_route=\/wp\/v2\/users\/3"}],"replies":[{"embeddable":true,"href":"https:\/\/farnostlipany.sk\/index.php?rest_route=%2Fwp%2Fv2%2Fcomments&post=11851"}],"version-history":[{"count":4,"href":"https:\/\/farnostlipany.sk\/index.php?rest_route=\/wp\/v2\/posts\/11851\/revisions"}],"predecessor-version":[{"id":11855,"href":"https:\/\/farnostlipany.sk\/index.php?rest_route=\/wp\/v2\/posts\/11851\/revisions\/11855"}],"wp:attachment":[{"href":"https:\/\/farnostlipany.sk\/index.php?rest_route=%2Fwp%2Fv2%2Fmedia&parent=11851"}],"wp:term":[{"taxonomy":"category","embeddable":true,"href":"https:\/\/farnostlipany.sk\/index.php?rest_route=%2Fwp%2Fv2%2Fcategories&post=11851"},{"taxonomy":"post_tag","embeddable":true,"href":"https:\/\/farnostlipany.sk\/index.php?rest_route=%2Fwp%2Fv2%2Ftags&post=11851"}],"curies":[{"name":"wp","href":"https:\/\/api.w.org\/{rel}","templated":true}]}}