{"id":1416,"date":"2024-06-24T06:15:00","date_gmt":"2024-06-24T04:15:00","guid":{"rendered":"https:\/\/farnostlipany.sk\/?p=1416"},"modified":"2024-08-03T14:50:31","modified_gmt":"2024-08-03T12:50:31","slug":"letny-rezim-omsi","status":"publish","type":"post","link":"https:\/\/farnostlipany.sk\/?p=1416","title":{"rendered":"Letn\u00fd re\u017eim om\u0161\u00ed"},"content":{"rendered":"\t\t<div data-elementor-type=\"wp-post\" data-elementor-id=\"1416\" class=\"elementor elementor-1416\">\n\t\t\t\t\t\t<section class=\"elementor-section elementor-top-section elementor-element elementor-element-5d98b36 elementor-section-boxed elementor-section-height-default elementor-section-height-default\" data-id=\"5d98b36\" data-element_type=\"section\">\n\t\t\t\t\t\t<div class=\"elementor-container elementor-column-gap-default\">\n\t\t\t\t\t<div class=\"elementor-column elementor-col-100 elementor-top-column elementor-element elementor-element-93610a8\" data-id=\"93610a8\" data-element_type=\"column\">\n\t\t\t<div class=\"elementor-widget-wrap elementor-element-populated\">\n\t\t\t\t\t\t<div class=\"elementor-element elementor-element-f298347 elementor-widget elementor-widget-text-editor\" data-id=\"f298347\" data-element_type=\"widget\" data-widget_type=\"text-editor.default\">\n\t\t\t\t<div class=\"elementor-widget-container\">\n\t\t\t\t\t\t\t\t\t<p>Po\u010das letn\u00fdch pr\u00e1zdnin sa men\u00ed re\u017eim om\u0161\u00ed v Lipanoch nasledovne:<\/p><ul><li>v stredu bude iba rann\u00e1 om\u0161a o 6.15, ve\u010der u\u017e nie<\/li><li>vo \u0161tvrtok bude iba ve\u010dern\u00e1 om\u0161a o 18.00, r\u00e1no u\u017e nie<\/li><li>v nede\u013eu nebude om\u0161a o 9.15<\/li><\/ul>\t\t\t\t\t\t\t\t<\/div>\n\t\t\t\t<\/div>\n\t\t\t\t\t<\/div>\n\t\t<\/div>\n\t\t\t\t\t<\/div>\n\t\t<\/section>\n\t\t\t\t<\/div>\n\t\t","protected":false},"excerpt":{"rendered":"<p>Po\u010das letn\u00fdch pr\u00e1zdnin sa men\u00ed re\u017eim om\u0161\u00ed v Lipanoch nasledovne: v stredu bude iba rann\u00e1 om\u0161a o 6.15, ve\u010der u\u017e nie vo \u0161tvrtok bude iba ve\u010dern\u00e1 om\u0161a o 18.00, r\u00e1no u\u017e nie v nede\u013eu nebude om\u0161a o 9.15<\/p>\n","protected":false},"author":3,"featured_media":4314,"comment_status":"closed","ping_status":"closed","sticky":false,"template":"","format":"standard","meta":{"_monsterinsights_skip_tracking":false,"_monsterinsights_sitenote_active":false,"_monsterinsights_sitenote_note":"","_monsterinsights_sitenote_category":0,"footnotes":""},"categories":[1],"tags":[],"class_list":["post-1416","post","type-post","status-publish","format-standard","has-post-thumbnail","hentry","category-nezaradene"],"_links":{"self":[{"href":"https:\/\/farnostlipany.sk\/index.php?rest_route=\/wp\/v2\/posts\/1416","targetHints":{"allow":["GET"]}}],"collection":[{"href":"https:\/\/farnostlipany.sk\/index.php?rest_route=\/wp\/v2\/posts"}],"about":[{"href":"https:\/\/farnostlipany.sk\/index.php?rest_route=\/wp\/v2\/types\/post"}],"author":[{"embeddable":true,"href":"https:\/\/farnostlipany.sk\/index.php?rest_route=\/wp\/v2\/users\/3"}],"replies":[{"embeddable":true,"href":"https:\/\/farnostlipany.sk\/index.php?rest_route=%2Fwp%2Fv2%2Fcomments&post=1416"}],"version-history":[{"count":6,"href":"https:\/\/farnostlipany.sk\/index.php?rest_route=\/wp\/v2\/posts\/1416\/revisions"}],"predecessor-version":[{"id":11742,"href":"https:\/\/farnostlipany.sk\/index.php?rest_route=\/wp\/v2\/posts\/1416\/revisions\/11742"}],"wp:featuredmedia":[{"embeddable":true,"href":"https:\/\/farnostlipany.sk\/index.php?rest_route=\/wp\/v2\/media\/4314"}],"wp:attachment":[{"href":"https:\/\/farnostlipany.sk\/index.php?rest_route=%2Fwp%2Fv2%2Fmedia&parent=1416"}],"wp:term":[{"taxonomy":"category","embeddable":true,"href":"https:\/\/farnostlipany.sk\/index.php?rest_route=%2Fwp%2Fv2%2Fcategories&post=1416"},{"taxonomy":"post_tag","embeddable":true,"href":"https:\/\/farnostlipany.sk\/index.php?rest_route=%2Fwp%2Fv2%2Ftags&post=1416"}],"curies":[{"name":"wp","href":"https:\/\/api.w.org\/{rel}","templated":true}]}}