{"id":2068,"date":"2024-07-15T09:15:00","date_gmt":"2024-07-15T07:15:00","guid":{"rendered":"https:\/\/farnostlipany.sk\/?p=2068"},"modified":"2024-08-03T14:54:21","modified_gmt":"2024-08-03T12:54:21","slug":"odpust-na-petrovenci","status":"publish","type":"post","link":"https:\/\/farnostlipany.sk\/?p=2068","title":{"rendered":"Odpust na Petrovenci"},"content":{"rendered":"\t\t<div data-elementor-type=\"wp-post\" data-elementor-id=\"2068\" class=\"elementor elementor-2068\">\n\t\t\t\t\t\t<section class=\"elementor-section elementor-top-section elementor-element elementor-element-c077630 elementor-section-boxed elementor-section-height-default elementor-section-height-default\" data-id=\"c077630\" data-element_type=\"section\">\n\t\t\t\t\t\t<div class=\"elementor-container elementor-column-gap-default\">\n\t\t\t\t\t<div class=\"elementor-column elementor-col-33 elementor-top-column elementor-element elementor-element-358d556\" data-id=\"358d556\" data-element_type=\"column\">\n\t\t\t<div class=\"elementor-widget-wrap elementor-element-populated\">\n\t\t\t\t\t\t<div class=\"elementor-element elementor-element-05c4a96 elementor-widget elementor-widget-image\" data-id=\"05c4a96\" data-element_type=\"widget\" data-widget_type=\"image.default\">\n\t\t\t\t<div class=\"elementor-widget-container\">\n\t\t\t\t\t\t\t\t\t\t\t\t\t\t\t<img fetchpriority=\"high\" decoding=\"async\" width=\"800\" height=\"600\" src=\"https:\/\/farnostlipany.sk\/wp-content\/uploads\/2019\/07\/14379208044.jpg\" class=\"attachment-large size-large wp-image-2071\" alt=\"\" srcset=\"https:\/\/farnostlipany.sk\/wp-content\/uploads\/2019\/07\/14379208044.jpg 800w, https:\/\/farnostlipany.sk\/wp-content\/uploads\/2019\/07\/14379208044-300x225.jpg 300w, https:\/\/farnostlipany.sk\/wp-content\/uploads\/2019\/07\/14379208044-768x576.jpg 768w\" sizes=\"(max-width: 800px) 100vw, 800px\" \/>\t\t\t\t\t\t\t\t\t\t\t\t\t\t\t<\/div>\n\t\t\t\t<\/div>\n\t\t\t\t\t<\/div>\n\t\t<\/div>\n\t\t\t\t<div class=\"elementor-column elementor-col-66 elementor-top-column elementor-element elementor-element-7591992\" data-id=\"7591992\" data-element_type=\"column\">\n\t\t\t<div class=\"elementor-widget-wrap elementor-element-populated\">\n\t\t\t\t\t\t<div class=\"elementor-element elementor-element-3f68902 elementor-widget elementor-widget-text-editor\" data-id=\"3f68902\" data-element_type=\"widget\" data-widget_type=\"text-editor.default\">\n\t\t\t\t<div class=\"elementor-widget-container\">\n\t\t\t\t\t\t\t\t\t<p>V nede\u013eu 23. j\u00fala 2023 V\u00e1s poz\u00fdvame na odpustov\u00fa sl\u00e1vnos\u0165 ku cti sv. M\u00e1rie Magdal\u00e9ny, patr\u00f3nky kostol\u00edka na Petrovenci. Om\u0161a za\u010dne o 9.15 hod.<\/p>\t\t\t\t\t\t\t\t<\/div>\n\t\t\t\t<\/div>\n\t\t\t\t\t<\/div>\n\t\t<\/div>\n\t\t\t\t\t<\/div>\n\t\t<\/section>\n\t\t\t\t<section class=\"elementor-section elementor-top-section elementor-element elementor-element-b79f90e elementor-section-boxed elementor-section-height-default elementor-section-height-default\" data-id=\"b79f90e\" data-element_type=\"section\">\n\t\t\t\t\t\t<div class=\"elementor-container elementor-column-gap-default\">\n\t\t\t\t\t<div class=\"elementor-column elementor-col-66 elementor-top-column elementor-element elementor-element-6f2fe96\" data-id=\"6f2fe96\" data-element_type=\"column\">\n\t\t\t<div class=\"elementor-widget-wrap elementor-element-populated\">\n\t\t\t\t\t\t<div class=\"elementor-element elementor-element-693d369 elementor-widget elementor-widget-text-editor\" data-id=\"693d369\" data-element_type=\"widget\" data-widget_type=\"text-editor.default\">\n\t\t\t\t<div class=\"elementor-widget-container\">\n\t\t\t\t\t\t\t\t\t<p>M\u00e1ria Magdal\u00e9na patr\u00ed k najzn\u00e1mej\u0161\u00edm biblick\u00fdm postav\u00e1m. Ako jej meno prezr\u00e1dza, poch\u00e1dzala z meste\u010dka Magdala, ktor\u00e9 le\u017ealo pri Galilejskom jazere. Evanjeli\u00e1 na dvoch miestach uv\u00e1dzaj\u00fa, \u017ee Je\u017ei\u0161 z nej vyhnal sedem zl\u00fdch duchov (Mk 16,9 a Lk 8,2). Po tejto udalosti sa zaradila medzi Je\u017ei\u0161ov\u00fdch u\u010den\u00edkov (medzi nich patrili nielen apo\u0161toli, ale aj mnoho in\u00fdch mu\u017eov a \u017eien). Bola pr\u00edtomn\u00e1 na Je\u017ei\u0161ovej kr\u00ed\u017eovej ceste, pri jeho mu\u010den\u00ed a ukri\u017eovan\u00ed, ale aj pri pohrebe. Prv\u00fd de\u0148 t\u00fd\u017ed\u0148a po sobote sa spolu s\u00a0<a href=\"http:\/\/www.zivotopisysvatych.sk\/jana-jezisova-ucenicka\/\">Janou\u00a0<\/a>a M\u00e1riou Jakubovou vybrali k hrobu, aby pomazali Je\u017ei\u0161ovo m\u0155tve telo, ako to bolo zvykom u \u017didov. No na\u0161li pr\u00e1zdny hrob a anjelov, ktor\u00ed im povedali, \u010do sa stalo. \u0160li to poveda\u0165 apo\u0161tolom, z ktor\u00fdch\u00a0<a href=\"http:\/\/www.zivotopisysvatych.sk\/peter-apostol\/\">Peter<\/a>\u00a0a\u00a0<a href=\"http:\/\/www.zivotopisysvatych.sk\/jan-apostol-a-evanjelista\/\">J\u00e1n<\/a>\u00a0sa be\u017eali presved\u010di\u0165 k hrobu, \u010di to je naozaj tak. Tie\u017e na\u0161li pr\u00e1zdny hrob. No st\u00e1le nech\u00e1pali, \u017ee naozaj vstal z m\u0155tvych. Apo\u0161toli sa potom vr\u00e1tili domov, no M\u00e1ria Magdal\u00e9na zostala pri hrobe a plakala. Vtedy sa jej zjavil \u2013 ako prvej z \u013eud\u00ed \u2013 s\u00e1m zm\u0155tvychvstal\u00fd Je\u017ei\u0161. Ona ho najprv pova\u017eovala za z\u00e1hradn\u00edka, no po chv\u00edli ho spoznala. Tak sa stala prvou, ktor\u00e1 zvestovala apo\u0161tolom, \u017ee Je\u017ei\u0161 skuto\u010dne \u017eije.<\/p><p>M\u00e1ria Magdal\u00e9na sa niekedy stoto\u017e\u0148uje s in\u00fdmi M\u00e1riami, napr. s M\u00e1riou s Bet\u00e1nie, sestrou Marty a Laz\u00e1ra, alebo s hrie\u0161nicou M\u00e1riou, ktor\u00e1 um\u00fdvala Je\u017ei\u0161ovi nohy u \u0160imona. Takisto sa stoto\u017e\u0148uje s M\u00e1riou Egyp\u0165ankou, ktor\u00e1 bola hrie\u0161nicou a po obr\u00e1ten\u00ed \u017eila ako pustovn\u00ed\u010dka pri rieke Jord\u00e1n. Pod\u013ea trad\u00edcie M\u00e1ria Magdal\u00e9na po zoslan\u00ed Ducha Sv\u00e4t\u00e9ho pre\u0161la na \u00fazemie dne\u0161n\u00e9ho ju\u017en\u00e9ho Franc\u00fazska (okolie Marseille a Aix), kde ohlasovala vieru v Krista. Potom str\u00e1vila tridsa\u0165 rokov na p\u00fa\u0161ti v St. Baume. Na konci svojho \u017eivota pri\u0161la do Efezu, kde zomrela. Tam ju aj pochovali. V roku 899 preniesli jej pozostatky do Carihradu. Zobrazuje sa v kaj\u00facom alebo knie\u017eacom r\u00fachu s prikrytou hlavou. V baroku ju zobrazovali ako hrie\u0161nicu.<\/p>\t\t\t\t\t\t\t\t<\/div>\n\t\t\t\t<\/div>\n\t\t\t\t\t<\/div>\n\t\t<\/div>\n\t\t\t\t<div class=\"elementor-column elementor-col-33 elementor-top-column elementor-element elementor-element-af3e1bf\" data-id=\"af3e1bf\" data-element_type=\"column\">\n\t\t\t<div class=\"elementor-widget-wrap elementor-element-populated\">\n\t\t\t\t\t\t<div class=\"elementor-element elementor-element-505ea69 elementor-widget elementor-widget-image\" data-id=\"505ea69\" data-element_type=\"widget\" data-widget_type=\"image.default\">\n\t\t\t\t<div class=\"elementor-widget-container\">\n\t\t\t\t\t\t\t\t\t\t\t\t\t\t\t<img decoding=\"async\" width=\"800\" height=\"988\" src=\"https:\/\/farnostlipany.sk\/wp-content\/uploads\/2019\/07\/TINTORETTO_-_Magdalena_penitente_Musei_Capitolini_Roma_1598-1602_-_copia.jpg\" class=\"attachment-large size-large wp-image-2072\" alt=\"\" srcset=\"https:\/\/farnostlipany.sk\/wp-content\/uploads\/2019\/07\/TINTORETTO_-_Magdalena_penitente_Musei_Capitolini_Roma_1598-1602_-_copia.jpg 800w, https:\/\/farnostlipany.sk\/wp-content\/uploads\/2019\/07\/TINTORETTO_-_Magdalena_penitente_Musei_Capitolini_Roma_1598-1602_-_copia-243x300.jpg 243w, https:\/\/farnostlipany.sk\/wp-content\/uploads\/2019\/07\/TINTORETTO_-_Magdalena_penitente_Musei_Capitolini_Roma_1598-1602_-_copia-768x948.jpg 768w\" sizes=\"(max-width: 800px) 100vw, 800px\" \/>\t\t\t\t\t\t\t\t\t\t\t\t\t\t\t<\/div>\n\t\t\t\t<\/div>\n\t\t\t\t\t<\/div>\n\t\t<\/div>\n\t\t\t\t\t<\/div>\n\t\t<\/section>\n\t\t\t\t<\/div>\n\t\t","protected":false},"excerpt":{"rendered":"<p>V nede\u013eu 23. j\u00fala 2023 V\u00e1s poz\u00fdvame na odpustov\u00fa sl\u00e1vnos\u0165 ku cti sv. M\u00e1rie Magdal\u00e9ny, patr\u00f3nky kostol\u00edka na Petrovenci. Om\u0161a za\u010dne o 9.15 hod. M\u00e1ria Magdal\u00e9na patr\u00ed k najzn\u00e1mej\u0161\u00edm biblick\u00fdm postav\u00e1m. Ako jej meno prezr\u00e1dza, poch\u00e1dzala z meste\u010dka Magdala, ktor\u00e9<\/p>\n","protected":false},"author":3,"featured_media":4270,"comment_status":"closed","ping_status":"closed","sticky":false,"template":"","format":"standard","meta":{"_monsterinsights_skip_tracking":false,"_monsterinsights_sitenote_active":false,"_monsterinsights_sitenote_note":"","_monsterinsights_sitenote_category":0,"footnotes":""},"categories":[1],"tags":[],"class_list":["post-2068","post","type-post","status-publish","format-standard","has-post-thumbnail","hentry","category-nezaradene"],"_links":{"self":[{"href":"https:\/\/farnostlipany.sk\/index.php?rest_route=\/wp\/v2\/posts\/2068","targetHints":{"allow":["GET"]}}],"collection":[{"href":"https:\/\/farnostlipany.sk\/index.php?rest_route=\/wp\/v2\/posts"}],"about":[{"href":"https:\/\/farnostlipany.sk\/index.php?rest_route=\/wp\/v2\/types\/post"}],"author":[{"embeddable":true,"href":"https:\/\/farnostlipany.sk\/index.php?rest_route=\/wp\/v2\/users\/3"}],"replies":[{"embeddable":true,"href":"https:\/\/farnostlipany.sk\/index.php?rest_route=%2Fwp%2Fv2%2Fcomments&post=2068"}],"version-history":[{"count":6,"href":"https:\/\/farnostlipany.sk\/index.php?rest_route=\/wp\/v2\/posts\/2068\/revisions"}],"predecessor-version":[{"id":11745,"href":"https:\/\/farnostlipany.sk\/index.php?rest_route=\/wp\/v2\/posts\/2068\/revisions\/11745"}],"wp:featuredmedia":[{"embeddable":true,"href":"https:\/\/farnostlipany.sk\/index.php?rest_route=\/wp\/v2\/media\/4270"}],"wp:attachment":[{"href":"https:\/\/farnostlipany.sk\/index.php?rest_route=%2Fwp%2Fv2%2Fmedia&parent=2068"}],"wp:term":[{"taxonomy":"category","embeddable":true,"href":"https:\/\/farnostlipany.sk\/index.php?rest_route=%2Fwp%2Fv2%2Fcategories&post=2068"},{"taxonomy":"post_tag","embeddable":true,"href":"https:\/\/farnostlipany.sk\/index.php?rest_route=%2Fwp%2Fv2%2Ftags&post=2068"}],"curies":[{"name":"wp","href":"https:\/\/api.w.org\/{rel}","templated":true}]}}