{"id":2139,"date":"2024-07-30T10:00:00","date_gmt":"2024-07-30T08:00:00","guid":{"rendered":"https:\/\/farnostlipany.sk\/?p=2139"},"modified":"2024-08-03T14:57:56","modified_gmt":"2024-08-03T12:57:56","slug":"odpust-na-starom-cintorine-v-lipanoch","status":"publish","type":"post","link":"https:\/\/farnostlipany.sk\/?p=2139","title":{"rendered":"Odpust na starom cintor\u00edne v Lipanoch"},"content":{"rendered":"\t\t<div data-elementor-type=\"wp-post\" data-elementor-id=\"2139\" class=\"elementor elementor-2139\">\n\t\t\t\t\t\t<section class=\"elementor-section elementor-top-section elementor-element elementor-element-4d031c7 elementor-section-boxed elementor-section-height-default elementor-section-height-default\" data-id=\"4d031c7\" data-element_type=\"section\">\n\t\t\t\t\t\t<div class=\"elementor-container elementor-column-gap-default\">\n\t\t\t\t\t<div class=\"elementor-column elementor-col-33 elementor-top-column elementor-element elementor-element-1ce04c9\" data-id=\"1ce04c9\" data-element_type=\"column\">\n\t\t\t<div class=\"elementor-widget-wrap elementor-element-populated\">\n\t\t\t\t\t\t<div class=\"elementor-element elementor-element-a057650 elementor-widget elementor-widget-image\" data-id=\"a057650\" data-element_type=\"widget\" data-widget_type=\"image.default\">\n\t\t\t\t<div class=\"elementor-widget-container\">\n\t\t\t\t\t\t\t\t\t\t\t\t\t\t\t<img fetchpriority=\"high\" decoding=\"async\" width=\"1000\" height=\"800\" src=\"https:\/\/farnostlipany.sk\/wp-content\/uploads\/2019\/08\/1536050921img-20180816-100612.jpg\" class=\"attachment-large size-large wp-image-2141\" alt=\"\" srcset=\"https:\/\/farnostlipany.sk\/wp-content\/uploads\/2019\/08\/1536050921img-20180816-100612.jpg 1000w, https:\/\/farnostlipany.sk\/wp-content\/uploads\/2019\/08\/1536050921img-20180816-100612-300x240.jpg 300w, https:\/\/farnostlipany.sk\/wp-content\/uploads\/2019\/08\/1536050921img-20180816-100612-768x614.jpg 768w\" sizes=\"(max-width: 1000px) 100vw, 1000px\" \/>\t\t\t\t\t\t\t\t\t\t\t\t\t\t\t<\/div>\n\t\t\t\t<\/div>\n\t\t\t\t\t<\/div>\n\t\t<\/div>\n\t\t\t\t<div class=\"elementor-column elementor-col-66 elementor-top-column elementor-element elementor-element-68bd1d7\" data-id=\"68bd1d7\" data-element_type=\"column\">\n\t\t\t<div class=\"elementor-widget-wrap elementor-element-populated\">\n\t\t\t\t\t\t<div class=\"elementor-element elementor-element-2813fe0 elementor-widget elementor-widget-text-editor\" data-id=\"2813fe0\" data-element_type=\"widget\" data-widget_type=\"text-editor.default\">\n\t\t\t\t<div class=\"elementor-widget-container\">\n\t\t\t\t\t\t\t\t\t<p>V nede\u013eu 6. augusta o 10.30 v\u00e1s poz\u00fdvame na odpustov\u00fa sl\u00e1vnos\u0165, ktor\u00e1 sa uskuto\u010dn\u00ed pri pohrebnej kaplnke na starom cintor\u00edne v Lipanoch, zasv\u00e4tenej tajomstvu Premenenia P\u00e1na.<\/p>\t\t\t\t\t\t\t\t<\/div>\n\t\t\t\t<\/div>\n\t\t\t\t\t<\/div>\n\t\t<\/div>\n\t\t\t\t\t<\/div>\n\t\t<\/section>\n\t\t\t\t<section class=\"elementor-section elementor-top-section elementor-element elementor-element-0c21f53 elementor-section-boxed elementor-section-height-default elementor-section-height-default\" data-id=\"0c21f53\" data-element_type=\"section\">\n\t\t\t\t\t\t<div class=\"elementor-container elementor-column-gap-default\">\n\t\t\t\t\t<div class=\"elementor-column elementor-col-66 elementor-top-column elementor-element elementor-element-cae7982\" data-id=\"cae7982\" data-element_type=\"column\">\n\t\t\t<div class=\"elementor-widget-wrap elementor-element-populated\">\n\t\t\t\t\t\t<div class=\"elementor-element elementor-element-ad6b0df elementor-widget elementor-widget-text-editor\" data-id=\"ad6b0df\" data-element_type=\"widget\" data-widget_type=\"text-editor.default\">\n\t\t\t\t<div class=\"elementor-widget-container\">\n\t\t\t\t\t\t\t\t\t<p>Premenenie P\u00e1na patr\u00ed k najd\u00f4le\u017eitej\u0161\u00edm udalostiam v \u017eivote Je\u017ei\u0161a Krista tu na zemi. Sv. Mat\u00fa\u0161 p\u00ed\u0161e: O \u0161es\u0165 dn\u00ed (\u0161es\u0165 dn\u00ed po Petrovom vyznan\u00ed, \u017ee Je\u017ei\u0161 je Mesi\u00e1\u0161, a po prvej predpovedi utrpenia) vzal Je\u017ei\u0161 so sebou Petra, Jakuba a jeho brata J\u00e1na a vyviedol ich na vysok\u00fd vrch do samoty. Tam sa pred nimi premenil: tv\u00e1r mu za\u017eiarila s\u0165a slnko a odev mu zbelel ako svetlo. Vtom sa im zjavil Moj\u017ei\u0161 a Eli\u00e1\u0161 a rozpr\u00e1vali sa s n\u00edm. Vtedy Peter povedal Je\u017ei\u0161ovi: \u201ePane, dobre je n\u00e1m tu. Ak chce\u0161, urob\u00edm tu tri st\u00e1nky: jeden tebe, jeden Moj\u017ei\u0161ovi a jeden Eli\u00e1\u0161ovi.\u201c K\u00fdm e\u0161te hovoril, zahalil ich jasn\u00fd oblak a z oblaku zaznel hlas: \u201eToto je m\u00f4j milovan\u00fd Syn, v ktorom m\u00e1m za\u013e\u00fabenie; po\u010d\u00favajte ho.\u201c Ke\u010f to u\u010den\u00edci po\u010duli, padli na tv\u00e1r a ve\u013emi sa b\u00e1li. No prist\u00fapil k nim Je\u017ei\u0161, dotkol sa ich a povedal im: \u201eVsta\u0148te a nebojte sa!\u201c A ke\u010f zdvihli o\u010di, nevideli nikoho, iba Je\u017ei\u0161a. Ke\u010f zostupovali z vrchu, Je\u017ei\u0161 im prik\u00e1zal: \u201eNikomu nehovorte o tomto viden\u00ed, k\u00fdm Syn \u010dloveka nevstane z m\u0155tvych.\u201c (Mt 17, 1-8)<\/p><p>Kde sa stala t\u00e1to udalos\u0165, nevieme. Trad\u00edcia hovor\u00ed, \u017ee to bolo na vrchu T\u00e1bor, ktor\u00fd sa t\u00fd\u010di priamo v srdci Galiley uprostred n\u00ed\u017einatej krajiny. Stalo sa to zrejme v druhom roku P\u00e1novho \u00fa\u010dinkovania (asi roku 29) medzi \u017eidovsk\u00fdmi sviatkami Ve\u013ekej noci (alebo Tur\u00edcami) a Sviatkami st\u00e1nkov (por. Jn 5-7). Vrch T\u00e1bor bol zrejme ve\u013emi vhodn\u00fd na neru\u0161en\u00fa medit\u00e1ciu spojenie s Bohom. Tak ako kedysi Daniela ohromil zjav Bo\u017eej sl\u00e1vy (Dan 10,6), tak aj apo\u0161toli boli vo vytr\u017een\u00ed, Peter vyjadril t\u00fa\u017ebu zosta\u0165 v takejto sl\u00e1ve, ke\u010f nevedomky hovor\u00ed: \u201ePostavme tu tri st\u00e1nky\u201c. Spolu s Je\u017ei\u0161om sa pri jeho premenen\u00ed zjavili aj dve najv\u00e4\u010d\u0161ie postavy Star\u00e9ho z\u00e1kona \u2013 Moj\u017ei\u0161 a Eli\u00e1\u0161. Symbolizuj\u00fa cel\u00e9 Bo\u017eie zjavenie v Starom z\u00e1kone, ktor\u00e9 sa teraz nap\u013a\u0148a a vrchol\u00ed v samotnom Je\u017ei\u0161ovi. S\u00e1m Boh Otec potvrdzuje tieto veci hlasom z neba: \u201eToto je m\u00f4j milovan\u00fd Syn\u2026\u201c Vtedy traja apo\u0161toli padaj\u00fa na zem, pln\u00ed strachu a b\u00e1zne pred Bohom. No Je\u017ei\u0161 hovor\u00ed: \u201eNebojte sa!\u201c Zak\u00e1zal im hovori\u0165 o tomto viden\u00ed a\u017e do svojho zm\u0155tvychvstania. Traja apo\u0161toli sa stali tak svedkami jeho sl\u00e1vy, ktor\u00e1 ho \u010dakala po diele vyk\u00fapenia. Nechcel v\u0161ak vopred pob\u00fari\u0165 e\u0161te viac svojich nepriate\u013eov a takisto nechcel, aby sa traja apo\u0161toli vyvy\u0161ovali nad in\u00fdch. A\u017e po vzkriesen\u00ed mohli o t\u00fdchto udalostiach porozpr\u00e1va\u0165 ostatn\u00fdm.<\/p><p>Sviatok Premenenia P\u00e1na sa sl\u00e1vil v r\u00f4znych term\u00ednoch, p\u00e1pe\u017e Kalixt III. v roku 1456 nariadil sl\u00e1vi\u0165 ho 6. augusta. Mohamed\u00e1nski Turci vtedy ni\u010dili kres\u0165ansk\u00e9 krajiny a p\u00e1pe\u017e chcel aj touto sl\u00e1vnos\u0165ou pozdvihn\u00fa\u0165 srdcia \u013eud\u00ed k Bohu a vyprosova\u0165 pomoc. Pre v\u0161etk\u00fdch je pripomienkou sl\u00e1vy Je\u017ei\u0161a Krista a povzbuden\u00edm o\u010dak\u00e1va\u0165 nebesk\u00fa sl\u00e1vu, ktor\u00fa n\u00e1m pripravil v nebi. Okrem 6. augusta si v liturgii pripom\u00edname Premenenie P\u00e1na na Druh\u00fa p\u00f4stnu nede\u013eu, ke\u010f sa \u010d\u00edta evanjelium o premenen\u00ed.<\/p>\t\t\t\t\t\t\t\t<\/div>\n\t\t\t\t<\/div>\n\t\t\t\t\t<\/div>\n\t\t<\/div>\n\t\t\t\t<div class=\"elementor-column elementor-col-33 elementor-top-column elementor-element elementor-element-59d915c\" data-id=\"59d915c\" data-element_type=\"column\">\n\t\t\t<div class=\"elementor-widget-wrap elementor-element-populated\">\n\t\t\t\t\t\t<div class=\"elementor-element elementor-element-2c056f1 elementor-widget elementor-widget-image\" data-id=\"2c056f1\" data-element_type=\"widget\" data-widget_type=\"image.default\">\n\t\t\t\t<div class=\"elementor-widget-container\">\n\t\t\t\t\t\t\t\t\t\t\t\t\t\t\t<img decoding=\"async\" width=\"679\" height=\"1024\" src=\"https:\/\/farnostlipany.sk\/wp-content\/uploads\/2019\/08\/800px-Transfiguration_Raphael-679x1024.jpg\" class=\"attachment-large size-large wp-image-2142\" alt=\"\" srcset=\"https:\/\/farnostlipany.sk\/wp-content\/uploads\/2019\/08\/800px-Transfiguration_Raphael-679x1024.jpg 679w, https:\/\/farnostlipany.sk\/wp-content\/uploads\/2019\/08\/800px-Transfiguration_Raphael-199x300.jpg 199w, https:\/\/farnostlipany.sk\/wp-content\/uploads\/2019\/08\/800px-Transfiguration_Raphael-768x1158.jpg 768w, https:\/\/farnostlipany.sk\/wp-content\/uploads\/2019\/08\/800px-Transfiguration_Raphael.jpg 800w\" sizes=\"(max-width: 679px) 100vw, 679px\" \/>\t\t\t\t\t\t\t\t\t\t\t\t\t\t\t<\/div>\n\t\t\t\t<\/div>\n\t\t\t\t\t<\/div>\n\t\t<\/div>\n\t\t\t\t\t<\/div>\n\t\t<\/section>\n\t\t\t\t<\/div>\n\t\t","protected":false},"excerpt":{"rendered":"<p>V nede\u013eu 6. augusta o 10.30 v\u00e1s poz\u00fdvame na odpustov\u00fa sl\u00e1vnos\u0165, ktor\u00e1 sa uskuto\u010dn\u00ed pri pohrebnej kaplnke na starom cintor\u00edne v Lipanoch, zasv\u00e4tenej tajomstvu Premenenia P\u00e1na. Premenenie P\u00e1na patr\u00ed k najd\u00f4le\u017eitej\u0161\u00edm udalostiam v \u017eivote Je\u017ei\u0161a Krista tu na zemi. Sv.<\/p>\n","protected":false},"author":3,"featured_media":2141,"comment_status":"closed","ping_status":"closed","sticky":false,"template":"","format":"standard","meta":{"_monsterinsights_skip_tracking":false,"_monsterinsights_sitenote_active":false,"_monsterinsights_sitenote_note":"","_monsterinsights_sitenote_category":0,"footnotes":""},"categories":[1],"tags":[],"class_list":["post-2139","post","type-post","status-publish","format-standard","has-post-thumbnail","hentry","category-nezaradene"],"_links":{"self":[{"href":"https:\/\/farnostlipany.sk\/index.php?rest_route=\/wp\/v2\/posts\/2139","targetHints":{"allow":["GET"]}}],"collection":[{"href":"https:\/\/farnostlipany.sk\/index.php?rest_route=\/wp\/v2\/posts"}],"about":[{"href":"https:\/\/farnostlipany.sk\/index.php?rest_route=\/wp\/v2\/types\/post"}],"author":[{"embeddable":true,"href":"https:\/\/farnostlipany.sk\/index.php?rest_route=\/wp\/v2\/users\/3"}],"replies":[{"embeddable":true,"href":"https:\/\/farnostlipany.sk\/index.php?rest_route=%2Fwp%2Fv2%2Fcomments&post=2139"}],"version-history":[{"count":6,"href":"https:\/\/farnostlipany.sk\/index.php?rest_route=\/wp\/v2\/posts\/2139\/revisions"}],"predecessor-version":[{"id":11749,"href":"https:\/\/farnostlipany.sk\/index.php?rest_route=\/wp\/v2\/posts\/2139\/revisions\/11749"}],"wp:featuredmedia":[{"embeddable":true,"href":"https:\/\/farnostlipany.sk\/index.php?rest_route=\/wp\/v2\/media\/2141"}],"wp:attachment":[{"href":"https:\/\/farnostlipany.sk\/index.php?rest_route=%2Fwp%2Fv2%2Fmedia&parent=2139"}],"wp:term":[{"taxonomy":"category","embeddable":true,"href":"https:\/\/farnostlipany.sk\/index.php?rest_route=%2Fwp%2Fv2%2Fcategories&post=2139"},{"taxonomy":"post_tag","embeddable":true,"href":"https:\/\/farnostlipany.sk\/index.php?rest_route=%2Fwp%2Fv2%2Ftags&post=2139"}],"curies":[{"name":"wp","href":"https:\/\/api.w.org\/{rel}","templated":true}]}}