{"id":2271,"date":"2024-09-22T08:00:00","date_gmt":"2024-09-22T06:00:00","guid":{"rendered":"https:\/\/farnostlipany.sk\/?p=2271"},"modified":"2024-09-16T21:45:28","modified_gmt":"2024-09-16T19:45:28","slug":"105-svetovy-den-migrantov-a-utecencov-29-september-2019","status":"publish","type":"post","link":"https:\/\/farnostlipany.sk\/?p=2271","title":{"rendered":"110. svetov\u00fd de\u0148 migrantov a ute\u010dencov &#8211; 29. september 2024"},"content":{"rendered":"\t\t<div data-elementor-type=\"wp-post\" data-elementor-id=\"2271\" class=\"elementor elementor-2271\">\n\t\t\t\t\t\t<section class=\"elementor-section elementor-top-section elementor-element elementor-element-b88f9a9 elementor-section-boxed elementor-section-height-default elementor-section-height-default\" data-id=\"b88f9a9\" data-element_type=\"section\">\n\t\t\t\t\t\t<div class=\"elementor-container elementor-column-gap-default\">\n\t\t\t\t\t<div class=\"elementor-column elementor-col-33 elementor-top-column elementor-element elementor-element-3b8654b\" data-id=\"3b8654b\" data-element_type=\"column\">\n\t\t\t<div class=\"elementor-widget-wrap elementor-element-populated\">\n\t\t\t\t\t\t<div class=\"elementor-element elementor-element-755e2e0 elementor-widget elementor-widget-image\" data-id=\"755e2e0\" data-element_type=\"widget\" data-widget_type=\"image.default\">\n\t\t\t\t<div class=\"elementor-widget-container\">\n\t\t\t\t\t\t\t\t\t\t\t\t\t\t\t<img fetchpriority=\"high\" decoding=\"async\" width=\"189\" height=\"267\" src=\"https:\/\/farnostlipany.sk\/wp-content\/uploads\/2019\/09\/sdmau.jpg\" class=\"attachment-large size-large wp-image-2272\" alt=\"\" \/>\t\t\t\t\t\t\t\t\t\t\t\t\t\t\t<\/div>\n\t\t\t\t<\/div>\n\t\t\t\t\t<\/div>\n\t\t<\/div>\n\t\t\t\t<div class=\"elementor-column elementor-col-66 elementor-top-column elementor-element elementor-element-c83e2df\" data-id=\"c83e2df\" data-element_type=\"column\">\n\t\t\t<div class=\"elementor-widget-wrap elementor-element-populated\">\n\t\t\t\t\t\t<div class=\"elementor-element elementor-element-14d21cf elementor-widget elementor-widget-text-editor\" data-id=\"14d21cf\" data-element_type=\"widget\" data-widget_type=\"text-editor.default\">\n\t\t\t\t<div class=\"elementor-widget-container\">\n\t\t\t\t\t\t\t\t\t<p><strong>Posolstvo Sv\u00e4t\u00e9ho Otca Franti\u0161ka k 109. svetov\u00e9mu d\u0148u migrantov a ute\u010dencov<\/strong><br \/><br \/><br \/><em><strong>Slobodne si zvoli\u0165 \u010di emigrova\u0165 alebo osta\u0165<\/strong><\/em><br \/><br \/><br \/>Drah\u00ed bratia a sestry!<br \/><br \/>Migra\u010dn\u00e9 toky dne\u0161n\u00fdch dn\u00ed s\u00fa prejavom komplexn\u00e9ho a r\u00f4znorod\u00e9ho javu, ktor\u00e9ho pochopenie si vy\u017eaduje d\u00f4kladn\u00fa anal\u00fdzu v\u0161etk\u00fdch aspektov, ktor\u00e9 charakterizuj\u00fa jednotliv\u00e9 f\u00e1zy migra\u010dnej sk\u00fasenosti, od odchodu z\u00a0vlastnej krajiny a\u017e po pr\u00edchod do cudzej, vr\u00e1tane mo\u017enosti n\u00e1vratu. S cie\u013eom prispie\u0165 k \u00fasiliu o pochopenie tohto javu som sa rozhodol venova\u0165 Posolstvo k 109. svetov\u00e9mu d\u0148u migrantov a ute\u010dencov slobode, ktor\u00e1 by mala v\u017edy charakterizova\u0165 rozhodnutie opusti\u0165 vlastn\u00fa krajinu.<br \/><br \/>\u201eSlobodne od\u00eds\u0165, slobodne zosta\u0165\u201c \u2013 bol n\u00e1zov solid\u00e1rnej iniciat\u00edvy, ktor\u00fa pred nieko\u013ek\u00fdmi rokmi podporila Talianska biskupsk\u00e1 konferencia a\u00a0ktor\u00e1\u00a0 bola konkr\u00e9tnou odpove\u010fou na v\u00fdzvy s\u00fa\u010dasn\u00fdch migr\u00e1ci\u00ed. Na z\u00e1klade pozorn\u00e9ho po\u010d\u00favania partikul\u00e1rnych cirkv\u00ed som pochopil, \u017ee zaru\u010denie tejto slobody je ve\u013emi roz\u0161\u00edren\u00fdm a spolo\u010dn\u00fdm pastora\u010dn\u00fdm z\u00e1ujmom.<br \/><br \/>\u201ePo ich odchode sa Jozefovi vo sne zjavil P\u00e1nov anjel a povedal: ,Vsta\u0148, vezmi so sebou die\u0165a i jeho matku, ujdi do Egypta a zosta\u0148 tam, k\u00fdm ti ned\u00e1m vedie\u0165, lebo Herodes bude h\u013eada\u0165 die\u0165a, aby ho zm\u00e1rnil\u02bb\u201c (Mt 2, 13). \u00datek Sv\u00e4tej rodiny do Egypta nebol v\u00fdsledkom slobodn\u00e9ho rozhodnutia, tak ako neboli v\u00fdsledkom slobodn\u00e9ho rozhodnutia mnoh\u00e9 migr\u00e1cie, ktor\u00e9 pozna\u010dili dejiny izraelsk\u00e9ho n\u00e1roda. Migr\u00e1cia by mala by\u0165 v\u017edy slobodnou vo\u013ebou, ale v skuto\u010dnosti v mnoh\u00fdch pr\u00edpadoch nie je, dokonca ani dnes. Konflikty, pr\u00edrodn\u00e9 katastrofy alebo jednoducho nemo\u017enos\u0165 \u017ei\u0165 d\u00f4stojn\u00fd a prosperuj\u00faci \u017eivot vo svojej vlasti n\u00fati mili\u00f3ny \u013eud\u00ed od\u00eds\u0165. U\u017e v roku 2003 sv\u00e4t\u00fd J\u00e1n Pavol II. uviedol, \u017ee \u201evybudova\u0165 konkr\u00e9tne podmienky na pokojn\u00fd \u017eivot znamen\u00e1 predov\u0161etk\u00fdm v\u00e1\u017ene sa zasadzova\u0165 za pr\u00e1vo neemigrova\u0165,\u00a0teda za pr\u00e1vo pokojne a d\u00f4stojne \u017ei\u0165 vo vlastnej krajine\u201c (Posolstvo k 90. svetov\u00e9mu d\u0148u migrantov a ute\u010dencov, 3).<br \/><br \/>\u201eVzali so sebou aj svoje st\u00e1da a v\u0161etko, \u010do nadobudli v krajine Kana\u00e1n, a tak pri\u0161li do Egypta \u2013 Jakub a v\u0161etko jeho potomstvo s\u00a0n\u00edm\u201c (Gn 46, 6). Pr\u00e1ve kv\u00f4li ve\u013ek\u00e9mu hladomoru bol Jakub n\u00faten\u00fd s celou svojou rodinou utiec\u0165 do Egypta, kde im jeho syn Jozef zabezpe\u010dil pre\u017eitie. Prenasledovanie, vojny, poveternostn\u00e9 javy a bieda patria medzi najvidite\u013enej\u0161ie pr\u00ed\u010diny s\u00fa\u010dasn\u00fdch n\u00faten\u00fdch migr\u00e1ci\u00ed. Migranti utekaj\u00fa z chudoby, zo strachu, zo z\u00fafalstva. Odstr\u00e1nenie t\u00fdchto pr\u00ed\u010din, a t\u00fdm ukon\u010denie n\u00fatenej migr\u00e1cie, si vy\u017eaduje spolo\u010dn\u00e9 \u00fasilie zo strany v\u0161etk\u00fdch, ka\u017ed\u00e9ho vzh\u013eadom na jeho zodpovednos\u0165. Toto \u00fasilie za\u010d\u00edna ot\u00e1zkou, \u010do m\u00f4\u017eeme urobi\u0165, ale aj \u010do mus\u00edme presta\u0165 robi\u0165. Mus\u00edme vynalo\u017ei\u0165 maxim\u00e1lne \u00fasilie, aby sme zastavili preteky v zbrojen\u00ed, hospod\u00e1rsky kolonializmus, drancovanie cudz\u00edch zdrojov, devast\u00e1ciu n\u00e1\u0161ho spolo\u010dn\u00e9ho domova.<br \/><br \/>\u201eV\u0161etci, \u010do uverili, boli pospolu a v\u0161etko mali spolo\u010dn\u00e9. Pred\u00e1vali pozemky a majetky a rozde\u013eovali ich v\u0161etk\u00fdm, pod\u013ea toho, ako kto potreboval\u201c (Sk 2, 44 \u2013 45). Ide\u00e1l prv\u00e9ho kres\u0165ansk\u00e9ho spolo\u010denstva sa zd\u00e1 by\u0165 tak\u00fd vzdialen\u00fd od dne\u0161nej reality! Aby bola migr\u00e1cia skuto\u010dne slobodnou vo\u013ebou, mus\u00edme sa usilova\u0165 o to, aby mal ka\u017ed\u00fd spravodliv\u00fd podiel na spolo\u010dnom dobre, aby sa re\u0161pektovali jeho z\u00e1kladn\u00e9 pr\u00e1va a\u00a0aby mal mo\u017enos\u0165 integr\u00e1lneho \u013eudsk\u00e9ho rozvoja. Len tak dok\u00e1\u017eeme v\u0161etk\u00fdm pon\u00faknu\u0165 mo\u017enos\u0165 d\u00f4stojn\u00e9ho \u017eivota a osobnej i rodinnej realiz\u00e1cie. Je zrejm\u00e9, \u017ee hlavn\u00fa zodpovednos\u0165 nes\u00fa krajiny p\u00f4vodu a ich vl\u00e1dcovia, ktor\u00ed musia robi\u0165 dobr\u00fa \u2013 transparentn\u00fa, \u010destn\u00fa a prezierav\u00fa \u2013 politiku, sl\u00fa\u017eiacu v\u0161etk\u00fdm, najm\u00e4 t\u00fdm najzranite\u013enej\u0161\u00edm. Z\u00e1rove\u0148 v\u0161ak musia ma\u0165 mo\u017enos\u0165 robi\u0165 to bez toho, \u017ee bud\u00fa obrat\u00ed o ich pr\u00edrodn\u00e9 a \u013eudsk\u00e9 zdroje, a\u00a0tie\u017e bez vonkaj\u0161\u00edch z\u00e1sahov, ktor\u00fdch cie\u013eom je sl\u00fa\u017ei\u0165 z\u00e1ujmom nieko\u013ek\u00fdch os\u00f4b. Tam, kde okolnosti umo\u017e\u0148uj\u00fa zvoli\u0165 si, \u010di emigrova\u0165 alebo zosta\u0165, je potrebn\u00e9 zabezpe\u010di\u0165, aby t\u00e1to vo\u013eba bola informovan\u00e1 a starostlivo zv\u00e1\u017een\u00e1, a\u00a0zabr\u00e1nilo sa tomu, \u017ee mnoho mu\u017eov, \u017eien a det\u00ed sa stane obe\u0165ami nebezpe\u010dn\u00fdch il\u00fazi\u00ed alebo bezoh\u013eadn\u00fdch obchodn\u00edkov s \u013eu\u010fmi.<br \/><br \/>\u201eV takom jubilejnom roku ka\u017ed\u00fd z v\u00e1s dostane do vlastn\u00edctva svoj majetok\u201c (Lv 25, 13). Pre izraelsk\u00fd \u013eud predstavovalo sl\u00e1venie jubilea akt kolekt\u00edvnej spravodlivosti: ka\u017ed\u00fd sa mohol \u201epo zru\u0161en\u00ed v\u0161etk\u00fdch dlhov a navr\u00e1ten\u00ed p\u00f4dy vr\u00e1ti\u0165 do svojej p\u00f4vodnej situ\u00e1cie a\u00a0dostal tak mo\u017enos\u0165 op\u00e4\u0165 sa te\u0161i\u0165 zo slobody, ktor\u00e1 je vlastn\u00e1 pr\u00edslu\u0161n\u00edkom Bo\u017eieho \u013eudu\u201c (Katech\u00e9zy, 10. febru\u00e1ra 2016). Ke\u010f\u017ee sa bl\u00ed\u017eime k Jubilejn\u00e9mu roku 2025, je dobr\u00e9 pripomen\u00fa\u0165 si tento aspekt osl\u00e1v jubilea. Je potrebn\u00e9 spolo\u010dn\u00e9 \u00fasilie jednotliv\u00fdch kraj\u00edn a medzin\u00e1rodn\u00e9ho spolo\u010denstva, aby mal ka\u017ed\u00fd zaisten\u00e9 pr\u00e1vo neemigrova\u0165, t. j. mal mo\u017enos\u0165 \u017ei\u0165 v mieri a d\u00f4stojne vo vlastnej krajine. Ide o pr\u00e1vo, ktor\u00e9 nebolo zatia\u013e kodifikovan\u00e9, ale m\u00e1 z\u00e1sadn\u00fd v\u00fdznam a\u00a0na jeho ochranu treba h\u013eadie\u0165 ako na spoluzodpovednos\u0165 v\u0161etk\u00fdch \u0161t\u00e1tov za spolo\u010dn\u00e9 dobro, ktor\u00e9 presahuje hranice \u0161t\u00e1tov. Ke\u010f\u017ee svetov\u00e9 zdroje nie s\u00fa neobmedzen\u00e9, rozvoj hospod\u00e1rsky chudobnej\u0161\u00edch kraj\u00edn v skuto\u010dnosti z\u00e1vis\u00ed od schopnosti spolo\u010dne sa deli\u0165, ktor\u00fa dok\u00e1\u017eeme podnieti\u0165 vo v\u0161etk\u00fdch krajin\u00e1ch. K\u00fdm sa toto pr\u00e1vo nezabezpe\u010d\u00ed \u2013 a\u00a0 bude to e\u0161te dlh\u00e1 cesta \u2013 mnoh\u00ed bud\u00fa musie\u0165 st\u00e1le odch\u00e1dza\u0165 za lep\u0161\u00edm \u017eivotom.<br \/><br \/>\u201eLebo som bol hladn\u00fd a dali ste mi jes\u0165; bol som sm\u00e4dn\u00fd a dali ste mi pi\u0165; bol som pocestn\u00fd a prit\u00falili ste ma; bol som nah\u00fd a priodeli ste ma; bol som chor\u00fd a nav\u0161t\u00edvili ste ma; bol som vo v\u00e4zen\u00ed a pri\u0161li ste ku mne\u201c (Mt 25, 35 \u2013 36). Tieto slov\u00e1 n\u00e1m znej\u00fa ako neust\u00e1le napomenutie, aby sme v migrantovi rozpoznali nielen brata \u010di sestru v n\u00fadzi, ale aj samotn\u00e9ho Krista, ktor\u00fd klope na na\u0161e dvere. Preto, pok\u00fdm pracujeme na tom, aby ka\u017ed\u00e1 migr\u00e1cia mohla by\u0165 plodom slobodn\u00e9ho rozhodnutia, sme povolan\u00ed re\u0161pektova\u0165 d\u00f4stojnos\u0165 ka\u017ed\u00e9ho migranta, v\u00a0\u010do najvy\u0161\u0161ej miere: to znamen\u00e1, sprev\u00e1dza\u0165 a riadi\u0165 migra\u010dn\u00e9 toky, ako najlep\u0161ie vieme, budova\u0165 mosty, a nie m\u00fary, roz\u0161irova\u0165 kan\u00e1ly pre bezpe\u010dn\u00fa a pravideln\u00fa migr\u00e1ciu. Bez oh\u013eadu na to, kde sa rozhodneme budova\u0165 svoju bud\u00facnos\u0165 \u2013 \u010di u\u017e v krajine, kde sme sa narodili, alebo inde \u2013 d\u00f4le\u017eit\u00e9 je, aby tam v\u017edy existovalo spolo\u010denstvo pripraven\u00e9 prija\u0165, chr\u00e1ni\u0165, podporova\u0165 a integrova\u0165 ka\u017ed\u00e9ho bez rozdielu a bez toho, aby sme niekoho vylu\u010dovali.<br \/><br \/>Synod\u00e1lna cesta, na ktor\u00fa sme sa ako Cirkev vydali, n\u00e1s vedie k tomu, aby sme v\u00a0t\u00fdch najzranite\u013enej\u0161\u00edch \u013eu\u010foch \u2013 a medzi nimi s\u00fa mnoh\u00ed migranti a ute\u010denci \u2013 videli osobitn\u00fdch spolo\u010dn\u00edkov na ceste, ktor\u00fdch treba milova\u0165 a stara\u0165 sa o nich ako o bratov a sestry. Iba ak budeme kr\u00e1\u010da\u0165 spolo\u010dne, budeme schopn\u00ed z\u00e1js\u0165 \u010faleko a dosiahnu\u0165 spolo\u010dn\u00fd cie\u013e na\u0161ej cesty.<br \/><br \/><br \/>V R\u00edme pri sv. J\u00e1novi v Later\u00e1ne 11. m\u00e1ja 2023<br \/><br \/>FRANT\u0160EK<br \/><br \/><br \/><strong>Modlitba<\/strong><br \/><br \/>Bo\u017ee, Ot\u010de v\u0161emoh\u00faci,<br \/>daj n\u00e1m milos\u0165, aby sme sa akt\u00edvne usilovali<br \/>o spravodlivos\u0165, solidaritu a pokoj,<br \/>aby sa v\u0161etky tvoje deti mohli slobodne rozhodn\u00fa\u0165,<br \/>\u010di bud\u00fa emigrova\u0165 alebo zostan\u00fa.<br \/><br \/>Daj n\u00e1m odvahu, aby sme jasne pomenovali<br \/>v\u0161etky hr\u00f4zy n\u00e1\u0161ho sveta<br \/>a bojovali proti ka\u017edej nespravodlivosti,<br \/>ktor\u00e1 po\u0161kodzuje kr\u00e1su tvojho stvorenstva<br \/>a harm\u00f3niu n\u00e1\u0161ho spolo\u010dn\u00e9ho domova.<br \/><br \/>Podporuj n\u00e1s mocou svojho Ducha,<br \/>aby sme dok\u00e1zali prejavi\u0165 tvoju ne\u017en\u00fa l\u00e1sku<br \/>ka\u017ed\u00e9mu migrantovi, ktor\u00e9ho n\u00e1m privedie\u0161 do cesty,<br \/>a\u00a0aby sme \u0161\u00edrili kult\u00faru stretnutia a\u00a0starostlivosti<br \/>v srdciach a v ka\u017edom prostred\u00ed.<\/p>\t\t\t\t\t\t\t\t<\/div>\n\t\t\t\t<\/div>\n\t\t\t\t\t<\/div>\n\t\t<\/div>\n\t\t\t\t\t<\/div>\n\t\t<\/section>\n\t\t\t\t<\/div>\n\t\t","protected":false},"excerpt":{"rendered":"<p>Posolstvo Sv\u00e4t\u00e9ho Otca Franti\u0161ka k 109. svetov\u00e9mu d\u0148u migrantov a ute\u010dencov Slobodne si zvoli\u0165 \u010di emigrova\u0165 alebo osta\u0165 Drah\u00ed bratia a sestry! Migra\u010dn\u00e9 toky dne\u0161n\u00fdch dn\u00ed s\u00fa prejavom komplexn\u00e9ho a r\u00f4znorod\u00e9ho javu, ktor\u00e9ho pochopenie si vy\u017eaduje d\u00f4kladn\u00fa anal\u00fdzu v\u0161etk\u00fdch aspektov,<\/p>\n","protected":false},"author":3,"featured_media":2272,"comment_status":"closed","ping_status":"closed","sticky":false,"template":"","format":"standard","meta":{"_monsterinsights_skip_tracking":false,"_monsterinsights_sitenote_active":false,"_monsterinsights_sitenote_note":"","_monsterinsights_sitenote_category":0,"footnotes":""},"categories":[1],"tags":[],"class_list":["post-2271","post","type-post","status-publish","format-standard","has-post-thumbnail","hentry","category-nezaradene"],"_links":{"self":[{"href":"https:\/\/farnostlipany.sk\/index.php?rest_route=\/wp\/v2\/posts\/2271","targetHints":{"allow":["GET"]}}],"collection":[{"href":"https:\/\/farnostlipany.sk\/index.php?rest_route=\/wp\/v2\/posts"}],"about":[{"href":"https:\/\/farnostlipany.sk\/index.php?rest_route=\/wp\/v2\/types\/post"}],"author":[{"embeddable":true,"href":"https:\/\/farnostlipany.sk\/index.php?rest_route=\/wp\/v2\/users\/3"}],"replies":[{"embeddable":true,"href":"https:\/\/farnostlipany.sk\/index.php?rest_route=%2Fwp%2Fv2%2Fcomments&post=2271"}],"version-history":[{"count":7,"href":"https:\/\/farnostlipany.sk\/index.php?rest_route=\/wp\/v2\/posts\/2271\/revisions"}],"predecessor-version":[{"id":11909,"href":"https:\/\/farnostlipany.sk\/index.php?rest_route=\/wp\/v2\/posts\/2271\/revisions\/11909"}],"wp:featuredmedia":[{"embeddable":true,"href":"https:\/\/farnostlipany.sk\/index.php?rest_route=\/wp\/v2\/media\/2272"}],"wp:attachment":[{"href":"https:\/\/farnostlipany.sk\/index.php?rest_route=%2Fwp%2Fv2%2Fmedia&parent=2271"}],"wp:term":[{"taxonomy":"category","embeddable":true,"href":"https:\/\/farnostlipany.sk\/index.php?rest_route=%2Fwp%2Fv2%2Fcategories&post=2271"},{"taxonomy":"post_tag","embeddable":true,"href":"https:\/\/farnostlipany.sk\/index.php?rest_route=%2Fwp%2Fv2%2Ftags&post=2271"}],"curies":[{"name":"wp","href":"https:\/\/api.w.org\/{rel}","templated":true}]}}