{"id":2398,"date":"2024-09-21T12:27:00","date_gmt":"2024-09-21T10:27:00","guid":{"rendered":"https:\/\/farnostlipany.sk\/?p=2398"},"modified":"2024-09-16T21:47:59","modified_gmt":"2024-09-16T19:47:59","slug":"41-rokov-od-smrti-bozieho-sluzobnika-papeza-jana-pavla-i","status":"publish","type":"post","link":"https:\/\/farnostlipany.sk\/?p=2398","title":{"rendered":"46 rokov od smrti blahoslaven\u00e9ho p\u00e1pe\u017ea J\u00e1na Pavla I."},"content":{"rendered":"\t\t<div data-elementor-type=\"wp-post\" data-elementor-id=\"2398\" class=\"elementor elementor-2398\">\n\t\t\t\t\t\t<section class=\"elementor-section elementor-top-section elementor-element elementor-element-daa7da5 elementor-section-boxed elementor-section-height-default elementor-section-height-default\" data-id=\"daa7da5\" data-element_type=\"section\">\n\t\t\t\t\t\t<div class=\"elementor-container elementor-column-gap-default\">\n\t\t\t\t\t<div class=\"elementor-column elementor-col-33 elementor-top-column elementor-element elementor-element-72327f2\" data-id=\"72327f2\" data-element_type=\"column\">\n\t\t\t<div class=\"elementor-widget-wrap elementor-element-populated\">\n\t\t\t\t\t\t<div class=\"elementor-element elementor-element-e6530d7 elementor-widget elementor-widget-image\" data-id=\"e6530d7\" data-element_type=\"widget\" data-widget_type=\"image.default\">\n\t\t\t\t<div class=\"elementor-widget-container\">\n\t\t\t\t\t\t\t\t\t\t\t\t\t\t\t<img fetchpriority=\"high\" decoding=\"async\" width=\"199\" height=\"254\" src=\"https:\/\/farnostlipany.sk\/wp-content\/uploads\/2019\/09\/jp1.jpg\" class=\"attachment-large size-large wp-image-2399\" alt=\"\" \/>\t\t\t\t\t\t\t\t\t\t\t\t\t\t\t<\/div>\n\t\t\t\t<\/div>\n\t\t\t\t\t<\/div>\n\t\t<\/div>\n\t\t\t\t<div class=\"elementor-column elementor-col-66 elementor-top-column elementor-element elementor-element-85bad91\" data-id=\"85bad91\" data-element_type=\"column\">\n\t\t\t<div class=\"elementor-widget-wrap elementor-element-populated\">\n\t\t\t\t\t\t<div class=\"elementor-element elementor-element-f35ccba elementor-widget elementor-widget-text-editor\" data-id=\"f35ccba\" data-element_type=\"widget\" data-widget_type=\"text-editor.default\">\n\t\t\t\t<div class=\"elementor-widget-container\">\n\t\t\t\t\t\t\t\t\t<div class=\"article__subTitle\">Pred 43 rokmi zomrel ctihodn\u00fd Bo\u017e\u00ed slu\u017eobn\u00edk p\u00e1pe\u017e J\u00e1n Pavol I., ktor\u00e9ho pontifik\u00e1t trval len 33 dn\u00ed. Dekr\u00e9t o jeho hrdinsk\u00fdch cnostiach potvrdil p\u00e1pe\u017e Franti\u0161ek v novembri roku 2017.<\/div><div class=\"title__separator\">\u00a0<\/div><div class=\"article__text\"><p>P\u00e1pe\u017e J\u00e1n Pavol I., rodn\u00fdm menom Albino Luciani, zomrel n\u00e1hle vo veku 65 rokov d\u0148a 28. septembra 1978 skoro r\u00e1no v Apo\u0161tolskom pal\u00e1ci. \u201eP\u00e1pe\u017e \u00fasmevu\u201c, ako bol naz\u00fdvan\u00fd, bol na Petrov stolec zvolen\u00fd 26. augusta 1978 po pontifik\u00e1te u\u017e sv\u00e4tore\u010den\u00e9ho Pavla VI.<\/p><p>P\u00e1pe\u017e sv. J\u00e1n Pavol II. ozna\u010dil za duchovn\u00fd testament svojho predchodcu na Petrovom stolci jeho vyjadrenie pri jeho poslednom Anjel P\u00e1na na Vatik\u00e1nskom n\u00e1mest\u00ed, ke\u010f citoval slov\u00e1 karmelit\u00e1nskej mu\u010den\u00ed\u010dky, blahoslavenej Ter\u00e9zie od sv. August\u00edna, tesne pred jej smr\u0165ou pod gilot\u00ednou po\u010das Franc\u00fazskej revol\u00facie:<\/p><p><i>\u201e\u00abL\u00e1ska v\u017edy zv\u00ed\u0165az\u00ed, l\u00e1ska v\u0161etko zm\u00f4\u017ee\u00bb. To s\u00fa tie spr\u00e1vne slov\u00e1 \u2013 nie je to n\u00e1silie, \u010do v\u0161etko zm\u00f4\u017ee, ale l\u00e1ska. Vyprosujme si od P\u00e1na milos\u0165, aby nov\u00e1 vlna l\u00e1sky k\u00a0bl\u00ed\u017enemu zaplavila tento \u00faboh\u00fd svet.\u201c<\/i><\/p><p>Dekr\u00e9t o\u00a0hrdinsk\u00fdch cnostiach p\u00e1pe\u017ea J\u00e1na Pavla I. schv\u00e1lil\u00a0 p\u00e1pe\u017e Franti\u0161ek 8.\u00a0novembra 2017, \u010d\u00edm mu pris\u00fadil titul ctihodn\u00e9ho Bo\u017eieho slu\u017eobn\u00edka. Proces jeho blahore\u010denia \u010falej pokra\u010duje.<\/p><p>Pontifik\u00e1t p\u00e1pe\u017ea J\u00e1na Pavla I. bol jedn\u00fdm z\u00a0najkrat\u0161\u00edch, no zanechal v dejin\u00e1ch Katol\u00edckej cirkvi nezmazate\u013en\u00fa stopu. Po\u010das svojho p\u00f4sobenia na Petrovom stolci Albino Luciani pripravil dev\u00e4\u0165 pr\u00edhovorov, tri posolstv\u00e1, nap\u00edsal tri apo\u0161tolsk\u00e9 listy a \u0161tyri \u010fal\u0161ie listy, dve hom\u00edlie. Stihol len p\u00e4\u0165 nede\u013en\u00fdch modlitieb Anjel P\u00e1na a \u0161tyri stredaj\u0161ie gener\u00e1lne audiencie.<\/p><p>-zk-<\/p><\/div>\t\t\t\t\t\t\t\t<\/div>\n\t\t\t\t<\/div>\n\t\t\t\t\t<\/div>\n\t\t<\/div>\n\t\t\t\t\t<\/div>\n\t\t<\/section>\n\t\t\t\t<\/div>\n\t\t","protected":false},"excerpt":{"rendered":"<p>Pred 43 rokmi zomrel ctihodn\u00fd Bo\u017e\u00ed slu\u017eobn\u00edk p\u00e1pe\u017e J\u00e1n Pavol I., ktor\u00e9ho pontifik\u00e1t trval len 33 dn\u00ed. Dekr\u00e9t o jeho hrdinsk\u00fdch cnostiach potvrdil p\u00e1pe\u017e Franti\u0161ek v novembri roku 2017. P\u00e1pe\u017e J\u00e1n Pavol I., rodn\u00fdm menom Albino Luciani, zomrel n\u00e1hle vo<\/p>\n","protected":false},"author":3,"featured_media":2399,"comment_status":"closed","ping_status":"closed","sticky":false,"template":"","format":"standard","meta":{"_monsterinsights_skip_tracking":false,"_monsterinsights_sitenote_active":false,"_monsterinsights_sitenote_note":"","_monsterinsights_sitenote_category":0,"footnotes":""},"categories":[1],"tags":[],"class_list":["post-2398","post","type-post","status-publish","format-standard","has-post-thumbnail","hentry","category-nezaradene"],"_links":{"self":[{"href":"https:\/\/farnostlipany.sk\/index.php?rest_route=\/wp\/v2\/posts\/2398","targetHints":{"allow":["GET"]}}],"collection":[{"href":"https:\/\/farnostlipany.sk\/index.php?rest_route=\/wp\/v2\/posts"}],"about":[{"href":"https:\/\/farnostlipany.sk\/index.php?rest_route=\/wp\/v2\/types\/post"}],"author":[{"embeddable":true,"href":"https:\/\/farnostlipany.sk\/index.php?rest_route=\/wp\/v2\/users\/3"}],"replies":[{"embeddable":true,"href":"https:\/\/farnostlipany.sk\/index.php?rest_route=%2Fwp%2Fv2%2Fcomments&post=2398"}],"version-history":[{"count":6,"href":"https:\/\/farnostlipany.sk\/index.php?rest_route=\/wp\/v2\/posts\/2398\/revisions"}],"predecessor-version":[{"id":11912,"href":"https:\/\/farnostlipany.sk\/index.php?rest_route=\/wp\/v2\/posts\/2398\/revisions\/11912"}],"wp:featuredmedia":[{"embeddable":true,"href":"https:\/\/farnostlipany.sk\/index.php?rest_route=\/wp\/v2\/media\/2399"}],"wp:attachment":[{"href":"https:\/\/farnostlipany.sk\/index.php?rest_route=%2Fwp%2Fv2%2Fmedia&parent=2398"}],"wp:term":[{"taxonomy":"category","embeddable":true,"href":"https:\/\/farnostlipany.sk\/index.php?rest_route=%2Fwp%2Fv2%2Fcategories&post=2398"},{"taxonomy":"post_tag","embeddable":true,"href":"https:\/\/farnostlipany.sk\/index.php?rest_route=%2Fwp%2Fv2%2Ftags&post=2398"}],"curies":[{"name":"wp","href":"https:\/\/api.w.org\/{rel}","templated":true}]}}