{"id":2551,"date":"2024-10-25T08:00:00","date_gmt":"2024-10-25T06:00:00","guid":{"rendered":"https:\/\/farnostlipany.sk\/?p=2551"},"modified":"2024-11-02T20:52:55","modified_gmt":"2024-11-02T19:52:55","slug":"slavnost-vsetkych-svatych-a-dusickova-oktava-2019","status":"publish","type":"post","link":"https:\/\/farnostlipany.sk\/?p=2551","title":{"rendered":"Sl\u00e1vnos\u0165 v\u0161etk\u00fdch sv\u00e4t\u00fdch &#8211; 1. november"},"content":{"rendered":"\t\t<div data-elementor-type=\"wp-post\" data-elementor-id=\"2551\" class=\"elementor elementor-2551\">\n\t\t\t\t\t\t<section class=\"elementor-section elementor-top-section elementor-element elementor-element-36b5f36 elementor-section-boxed elementor-section-height-default elementor-section-height-default\" data-id=\"36b5f36\" data-element_type=\"section\">\n\t\t\t\t\t\t<div class=\"elementor-container elementor-column-gap-default\">\n\t\t\t\t\t<div class=\"elementor-column elementor-col-33 elementor-top-column elementor-element elementor-element-3a9a263\" data-id=\"3a9a263\" data-element_type=\"column\">\n\t\t\t<div class=\"elementor-widget-wrap elementor-element-populated\">\n\t\t\t\t\t\t<div class=\"elementor-element elementor-element-e1a64ad elementor-widget elementor-widget-image\" data-id=\"e1a64ad\" data-element_type=\"widget\" data-widget_type=\"image.default\">\n\t\t\t\t<div class=\"elementor-widget-container\">\n\t\t\t\t\t\t\t\t\t\t\t\t\t\t\t<img fetchpriority=\"high\" decoding=\"async\" width=\"800\" height=\"538\" src=\"https:\/\/farnostlipany.sk\/wp-content\/uploads\/2019\/10\/All-Saints.jpg\" class=\"attachment-large size-large wp-image-2552\" alt=\"\" srcset=\"https:\/\/farnostlipany.sk\/wp-content\/uploads\/2019\/10\/All-Saints.jpg 800w, https:\/\/farnostlipany.sk\/wp-content\/uploads\/2019\/10\/All-Saints-300x202.jpg 300w, https:\/\/farnostlipany.sk\/wp-content\/uploads\/2019\/10\/All-Saints-768x516.jpg 768w\" sizes=\"(max-width: 800px) 100vw, 800px\" \/>\t\t\t\t\t\t\t\t\t\t\t\t\t\t\t<\/div>\n\t\t\t\t<\/div>\n\t\t\t\t\t<\/div>\n\t\t<\/div>\n\t\t\t\t<div class=\"elementor-column elementor-col-66 elementor-top-column elementor-element elementor-element-b86ef66\" data-id=\"b86ef66\" data-element_type=\"column\">\n\t\t\t<div class=\"elementor-widget-wrap elementor-element-populated\">\n\t\t\t\t\t\t<div class=\"elementor-element elementor-element-fc4eeb7 elementor-widget elementor-widget-text-editor\" data-id=\"fc4eeb7\" data-element_type=\"widget\" data-widget_type=\"text-editor.default\">\n\t\t\t\t<div class=\"elementor-widget-container\">\n\t\t\t\t\t\t\t\t\t<p>V novembri si Katol\u00edcka cirkev pripom\u00edna dva v\u00fdznamn\u00e9 sviatky. Pv\u00fd z nich, 1. novembra, je sl\u00e1vnos\u0165 V\u0161etk\u00fdch sv\u00e4t\u00fdch. Cirkev u\u017e po st\u00e1ro\u010dia sp\u00e1ja s touto sl\u00e1vnos\u0165ou n\u00e1dej na vzkriesenie. Je to de\u0148 radosti, a nie strachu. Pre in\u00fdch je smr\u0165 realitou, ktor\u00fa treba prija\u0165. Po vzkriesen\u00ed Krista sa nach\u00e1dzame na ceste do ve\u010dn\u00e9ho mesta, kde n\u00e1s o\u010dak\u00e1va bla\u017eenos\u0165 v\u0161etk\u00fdch t\u00fdch, ktor\u00ed boli P\u00e1nom osl\u00e1ven\u00ed. To m\u00e1 by\u0165 zmyslom sl\u00e1vnosti V\u0161etk\u00fdch sv\u00e4t\u00fdch.<\/p><p>Cirkev je pod\u013ea Katechizmu Katol\u00edckej Cirkvi spolo\u010denstvom sv\u00e4t\u00fdch os\u00f4b. Existuje v troch stavoch: putuj\u00faca (bojuj\u00faca), o\u010dis\u0165uj\u00faca sa (trpiaca), osl\u00e1ven\u00e1 (v\u00ed\u0165azn\u00e1, bla\u017een\u00e1). V\u0161etci toti\u017e \u2013 \u010di \u017eiv\u00ed alebo u\u017e zosnul\u00ed \u2013 tvoria jedin\u00fa Cirkev a s\u00fa navz\u00e1jom spojen\u00ed v Kristovi. A pod\u013ea st\u00e1lej viery ich vz\u00e1jomn\u00e9 spojenie sa upev\u0148uje spolu\u00fa\u010das\u0165ou na duchovn\u00fdch dobr\u00e1ch. Sv\u00e4t\u00fd apo\u0161tol Pavol skuto\u010dnos\u0165 osobn\u00e9ho spolo\u010denstva s Kristom a v Kristovi vyjadril symbolicky pojmom telo, kde Kristus je hlava a veriaci \u013eudia s\u00fa jeho \u00fady \u2013 bunky.\u00a0<\/p><p>Cirkev u\u010d\u00ed a vyhl\u00e1sila za dogmu, \u017ee \u201eexistuje spolo\u010denstvo sv\u00e4t\u00fdch os\u00f4b.\u201c Spolo\u010denstvo sv\u00e4t\u00fdch, tajomn\u00e9 Kristovo telo, sa sklad\u00e1 pod\u013ea cirkevn\u00e9ho u\u010denia z \u013eud\u00ed aj z anjelov, ktor\u00ed nie s\u00fa zatraten\u00ed. Kres\u0165an, ktor\u00fd sp\u00e1ja svoju smr\u0165 s Je\u017ei\u0161ovou smr\u0165ou, umieran\u00edm prech\u00e1dza do ve\u010dn\u00e9ho \u017eivota. Pavol v liste Rimanom nap\u00edsal: \u201eAk sme zomreli s Kristom, ver\u00edme, \u017ee s n\u00edm budeme aj \u017ei\u0165.\u201c<\/p><p>Dogmou tie\u017e je, \u017ee \u201eSv\u00e4t\u00fdch treba uctieva\u0165 a vz\u00fdva\u0165.\u201c \u00dacta (\u010des\u0165, re\u0161pekt) k \u010dloveku je \u017eiados\u0165ou samotn\u00e9ho Boha, ktor\u00fd prik\u00e1zal \u201eCti svojho otca a svoju matku, aby si dlho \u017eil na zemi, ktor\u00fa ti d\u00e1 P\u00e1n, tvoj Boh!\u201c. \u00dacta k sv\u00e4t\u00fdm \u013eu\u010fom m\u00e1 tie\u017e biblick\u00fd z\u00e1klad: Apo\u0161tol Pavol v liste Korin\u0165anom p\u00ed\u0161e: \u201eNapodob\u0148ujte ma, ako aj ja napodob\u0148ujem Krista.\u201c Polykarp v 2. storo\u010d\u00ed nap\u00edsal: \u201eKristovi sa klaniame, lebo je Bo\u017e\u00ed Syn; pokia\u013e ide o mu\u010den\u00edkov, t\u00fdch milujeme ako u\u010den\u00edkov a nasledovn\u00edkov P\u00e1na a to je aj spr\u00e1vne pre ich nenapodobite\u013en\u00fa oddanos\u0165 svojmu Kr\u00e1\u013eovi a Majstrovi; kie\u017e by sme aj my mohli by\u0165 ich spolo\u010dn\u00edkmi a spolu\u00fa\u010den\u00edkmi\u201c .<\/p><p>Za\u010diatky sl\u00e1venia sviatku V\u0161etk\u00fdch sv\u00e4t\u00fdch n\u00e1s ved\u00fa a\u017e do 4. storo\u010dia po Kristovi. Sv\u00e4t\u00fd Efr\u00e9m S\u00fdrsky (306 &#8211; 373) a sv. J\u00e1n Zlato\u00fasty (354 &#8211; 407) u\u017e poznaj\u00fa sviatok v\u0161etk\u00fdch sv\u00e4t\u00fdch mu\u010den\u00edkov. E\u0161te aj v dne\u0161nom gr\u00e9ckom kalend\u00e1ri sa t\u00e1to nede\u013ea vol\u00e1 Nede\u013ea sv\u00e4t\u00fdch. Sl\u00e1vnos\u0165 V\u0161etk\u00fdch sv\u00e4t\u00fdch sa prv\u00fdkr\u00e1t sl\u00e1vila v R\u00edme 13. m\u00e1ja 609, ke\u010f p\u00e1pe\u017e Bonif\u00e1c IV. prebral od cis\u00e1ra Fokasa pohansk\u00fd chr\u00e1m v\u0161etk\u00fdch bohov, tzv. Pantheon a zasv\u00e4til ho Preblahoslavenej Panne M\u00e1rii, v\u017edy Panne a v\u0161etk\u00fdm sv\u00e4t\u00fdm mu\u010den\u00edkov.<\/p><p>P\u00e1pe\u017e Gregor III. (731-741) zmenil sl\u00e1venie V\u0161etk\u00fdch sv\u00e4t\u00fdch z 13. m\u00e1ja na 1. novembra, ke\u010f v Bazilike sv. Petra sl\u00e1vnostne posv\u00e4til kaplnku k \u00facte v\u0161etk\u00fdch sv\u00e4t\u00fdch. Prv\u00e9ho novembra sa sviatok V\u0161etk\u00fdch sv\u00e4t\u00fdch (u\u017e nielen mu\u010den\u00edkov) za\u010dal sl\u00e1vi\u0165 v 8. storo\u010d\u00ed, najprv v \u00cdrsku, potom v Anglicku. P\u00e1pe\u017e Gregor IV. (827-844) roz\u0161\u00edril sviatok na cel\u00fa cirkev. Veriaci si v tento de\u0148 pripom\u00ednaj\u00fa aj sv\u00e4t\u00fdch, ktor\u00ed nemaj\u00fa miesto v kalend\u00e1ri alebo nie s\u00fa ofici\u00e1lne vyhl\u00e1sen\u00ed za sv\u00e4t\u00fdch. Na Slovensku je sl\u00e1vnos\u0165 V\u0161etk\u00fdch sv\u00e4t\u00fdch d\u0148om pracovn\u00e9ho pokoja.<\/p>\t\t\t\t\t\t\t\t<\/div>\n\t\t\t\t<\/div>\n\t\t\t\t\t<\/div>\n\t\t<\/div>\n\t\t\t\t\t<\/div>\n\t\t<\/section>\n\t\t\t\t<\/div>\n\t\t","protected":false},"excerpt":{"rendered":"<p>V novembri si Katol\u00edcka cirkev pripom\u00edna dva v\u00fdznamn\u00e9 sviatky. Pv\u00fd z nich, 1. novembra, je sl\u00e1vnos\u0165 V\u0161etk\u00fdch sv\u00e4t\u00fdch. Cirkev u\u017e po st\u00e1ro\u010dia sp\u00e1ja s touto sl\u00e1vnos\u0165ou n\u00e1dej na vzkriesenie. Je to de\u0148 radosti, a nie strachu. Pre in\u00fdch je smr\u0165<\/p>\n","protected":false},"author":3,"featured_media":2552,"comment_status":"closed","ping_status":"closed","sticky":false,"template":"","format":"standard","meta":{"_monsterinsights_skip_tracking":false,"_monsterinsights_sitenote_active":false,"_monsterinsights_sitenote_note":"","_monsterinsights_sitenote_category":0,"footnotes":""},"categories":[1],"tags":[],"class_list":["post-2551","post","type-post","status-publish","format-standard","has-post-thumbnail","hentry","category-nezaradene"],"_links":{"self":[{"href":"https:\/\/farnostlipany.sk\/index.php?rest_route=\/wp\/v2\/posts\/2551","targetHints":{"allow":["GET"]}}],"collection":[{"href":"https:\/\/farnostlipany.sk\/index.php?rest_route=\/wp\/v2\/posts"}],"about":[{"href":"https:\/\/farnostlipany.sk\/index.php?rest_route=\/wp\/v2\/types\/post"}],"author":[{"embeddable":true,"href":"https:\/\/farnostlipany.sk\/index.php?rest_route=\/wp\/v2\/users\/3"}],"replies":[{"embeddable":true,"href":"https:\/\/farnostlipany.sk\/index.php?rest_route=%2Fwp%2Fv2%2Fcomments&post=2551"}],"version-history":[{"count":6,"href":"https:\/\/farnostlipany.sk\/index.php?rest_route=\/wp\/v2\/posts\/2551\/revisions"}],"predecessor-version":[{"id":10934,"href":"https:\/\/farnostlipany.sk\/index.php?rest_route=\/wp\/v2\/posts\/2551\/revisions\/10934"}],"wp:featuredmedia":[{"embeddable":true,"href":"https:\/\/farnostlipany.sk\/index.php?rest_route=\/wp\/v2\/media\/2552"}],"wp:attachment":[{"href":"https:\/\/farnostlipany.sk\/index.php?rest_route=%2Fwp%2Fv2%2Fmedia&parent=2551"}],"wp:term":[{"taxonomy":"category","embeddable":true,"href":"https:\/\/farnostlipany.sk\/index.php?rest_route=%2Fwp%2Fv2%2Fcategories&post=2551"},{"taxonomy":"post_tag","embeddable":true,"href":"https:\/\/farnostlipany.sk\/index.php?rest_route=%2Fwp%2Fv2%2Ftags&post=2551"}],"curies":[{"name":"wp","href":"https:\/\/api.w.org\/{rel}","templated":true}]}}