{"id":2623,"date":"2024-11-23T10:00:00","date_gmt":"2024-11-23T09:00:00","guid":{"rendered":"https:\/\/farnostlipany.sk\/?p=2623"},"modified":"2024-11-24T11:54:08","modified_gmt":"2024-11-24T10:54:08","slug":"30-november-sviatok-sv-ondreja-patrona-nasej-arcidiecezy","status":"publish","type":"post","link":"https:\/\/farnostlipany.sk\/?p=2623","title":{"rendered":"30. november &#8211; sviatok sv. Ondreja &#8211; patr\u00f3na na\u0161ej arcidiec\u00e9zy"},"content":{"rendered":"\t\t<div data-elementor-type=\"wp-post\" data-elementor-id=\"2623\" class=\"elementor elementor-2623\">\n\t\t\t\t\t\t<section class=\"elementor-section elementor-top-section elementor-element elementor-element-744e910 elementor-section-boxed elementor-section-height-default elementor-section-height-default\" data-id=\"744e910\" data-element_type=\"section\">\n\t\t\t\t\t\t<div class=\"elementor-container elementor-column-gap-default\">\n\t\t\t\t\t<div class=\"elementor-column elementor-col-33 elementor-top-column elementor-element elementor-element-24bd71a\" data-id=\"24bd71a\" data-element_type=\"column\">\n\t\t\t<div class=\"elementor-widget-wrap elementor-element-populated\">\n\t\t\t\t\t\t<div class=\"elementor-element elementor-element-b721542 elementor-widget elementor-widget-image\" data-id=\"b721542\" data-element_type=\"widget\" data-widget_type=\"image.default\">\n\t\t\t\t<div class=\"elementor-widget-container\">\n\t\t\t\t\t\t\t\t\t\t\t\t\t\t\t<img fetchpriority=\"high\" decoding=\"async\" width=\"189\" height=\"267\" src=\"https:\/\/farnostlipany.sk\/wp-content\/uploads\/2019\/11\/sv.-ondrej.png\" class=\"attachment-large size-large wp-image-2624\" alt=\"\" \/>\t\t\t\t\t\t\t\t\t\t\t\t\t\t\t<\/div>\n\t\t\t\t<\/div>\n\t\t\t\t\t<\/div>\n\t\t<\/div>\n\t\t\t\t<div class=\"elementor-column elementor-col-66 elementor-top-column elementor-element elementor-element-d761596\" data-id=\"d761596\" data-element_type=\"column\">\n\t\t\t<div class=\"elementor-widget-wrap elementor-element-populated\">\n\t\t\t\t\t\t<div class=\"elementor-element elementor-element-4520152 elementor-widget elementor-widget-text-editor\" data-id=\"4520152\" data-element_type=\"widget\" data-widget_type=\"text-editor.default\">\n\t\t\t\t<div class=\"elementor-widget-container\">\n\t\t\t\t\t\t\t\t\t<h5>Patr\u00f3na na\u0161ej arcidiec\u00e9zy si uct\u00edme pri sv. om\u0161i v sobotu 2.12.2023 o 10.00 h v Katedr\u00e1le sv. Al\u017ebety v Ko\u0161iciach.\u00a0\u00a0<\/h5><h4><span style=\"font-size: 12pt; font-family: 'Book Antiqua', serif; color: black; --darkreader-inline-color: #e8e6e3;\" data-darkreader-inline-color=\"\">K\u00a0\u00fa\u010dasti na sl\u00e1ven\u00ed Eucharistie poz\u00fdvame v\u0161etk\u00fdch veriacich.\u00a0<\/span><\/h4><h4>X Mons. Bernard Bober<\/h4><h4>arcibiskup \u2013 metropolita<\/h4>\t\t\t\t\t\t\t\t<\/div>\n\t\t\t\t<\/div>\n\t\t\t\t\t<\/div>\n\t\t<\/div>\n\t\t\t\t\t<\/div>\n\t\t<\/section>\n\t\t\t\t<section class=\"elementor-section elementor-top-section elementor-element elementor-element-a47c5ae elementor-section-boxed elementor-section-height-default elementor-section-height-default\" data-id=\"a47c5ae\" data-element_type=\"section\">\n\t\t\t\t\t\t<div class=\"elementor-container elementor-column-gap-default\">\n\t\t\t\t\t<div class=\"elementor-column elementor-col-66 elementor-top-column elementor-element elementor-element-8533c47\" data-id=\"8533c47\" data-element_type=\"column\">\n\t\t\t<div class=\"elementor-widget-wrap elementor-element-populated\">\n\t\t\t\t\t\t<div class=\"elementor-element elementor-element-d26a27f elementor-widget elementor-widget-text-editor\" data-id=\"d26a27f\" data-element_type=\"widget\" data-widget_type=\"text-editor.default\">\n\t\t\t\t<div class=\"elementor-widget-container\">\n\t\t\t\t\t\t\t\t\t<p>Sv. Ondrej, apo\u0161tol, sa narodil v Betsaide, v meste\u010dku na brehu Tiberiadsk\u00e9ho jazera ne\u010faleko Kafarnauma. Jeho otec sa volal Jon\u00e1\u0161 (J\u00e1n) a jeho mlad\u0161\u00edm bratom bol\u00a0<a title=\"Peter, apo\u0161tol\" href=\"http:\/\/www.zivotopisysvatych.sk\/peter-apostol\/\">\u0160imon Peter<\/a>. V\u00fdchodn\u00ed cirkevn\u00ed spisovatelia naz\u00fdvaj\u00fa Ondreja \u201eprv\u00fdm povolan\u00fdm\u201c, lebo Je\u017ei\u0161 pr\u00e1ve jeho povolal ako prv\u00e9ho k apo\u0161tolskej pr\u00e1ci. P\u00f4vodom bol ryb\u00e1r \u2013 ako cel\u00e1 jeho rodina. Detstvo a mlados\u0165 pre\u017eil v Betsaide a potom, u\u017e s man\u017eelkou a bratom \u0160imonom sa usadili v pr\u00edstavnom meste Kafarnaum. Aj tam sa venoval ryb\u00e1rstvu. Bolo to remeslo nam\u00e1hav\u00e9, ale v\u00fdnosn\u00e9. Toto remeslo vykon\u00e1vali spolu so Zebedejovcami \u2013 neskor\u0161\u00edm apo\u0161tolom J\u00e1nom a Jakubom a ich otcom.<\/p><p>Ondreja ve\u013emi oslovilo vyst\u00fapenie J\u00e1na Krstite\u013ea. Spolu s J\u00e1nom, Zebedejov\u00fdm synom, neskor\u0161ie\u00a0<a title=\"J\u00e1n, apo\u0161tol a evanjelista\" href=\"http:\/\/www.zivotopisysvatych.sk\/jan-apostol-a-evanjelista\/\">J\u00e1nom apo\u0161tolom<\/a>, patrili medzi vern\u00fdch Krstite\u013eov\u00fdch u\u010den\u00edkov. Ke\u010f\u00a0<a title=\"J\u00e1n Krstite\u013e\" href=\"http:\/\/www.zivotopisysvatych.sk\/jan-krstitel\/\">J\u00e1n Krstite\u013e<\/a>\u00a0raz s nimi st\u00e1l, videl P\u00e1na Je\u017ei\u0161a \u00eds\u0165 smerom k nim, povedal im: \u201eH\u013ea, Bo\u017e\u00ed Bar\u00e1nok, ktor\u00fd sn\u00edma hriechy sveta\u201c. (Jn 1, 29) Na druh\u00fd de\u0148 im znova povedal: \u201eH\u013ea, Bo\u017e\u00ed Bar\u00e1nok!\u201c Oni sa pohli za Je\u017ei\u0161om. Vtedy zostali s n\u00edm. Ondrej potom vyh\u013eadal svojho brata \u0160imona a povedal mu: \u201eNa\u0161li sme Mesi\u00e1\u0161a.\u201c A priviedol ho k nemu. Od toho \u010dasu Ondrej a \u0160imon doch\u00e1dzali k Je\u017ei\u0161ovi a boli aj svedkami prv\u00e9ho z\u00e1zraku, ktor\u00fd urobil na svadbe v K\u00e1ne. Z lo\u010fky \u0160imona Petra potom Kristus u\u010dil z\u00e1stupy.<\/p><p>Cirkevn\u00ed otcovia, najm\u00e4\u00a0<a title=\"B\u00e9da Ctihodn\u00fd, k\u0148az, u\u010dite\u013e Cirkvi\" href=\"http:\/\/www.zivotopisysvatych.sk\/beda-ctihodny\/\">sv. B\u00e9da Ctihodn\u00fd<\/a>, naz\u00fdvaj\u00fa Ondreja \u201epriv\u00e1dza\u010dom ku Kristovi\u201c. Okrem toho, \u017ee priviedol ku Kristovi svojho brata \u0160imona Petra, priviedol k nemu aj chlapca s piatimi chlebmi a dvoma rybami pri z\u00e1zra\u010dnom rozmno\u017een\u00ed chleba(Jn 6, 1-13) a takisto aj Gr\u00e9kov, ktor\u00ed pri\u0161li za Filipom s prosbou: \u201eChceli by sme vidie\u0165 Je\u017ei\u0161a.\u201c (Jn 12, 13-25)<\/p><p>Po zoslan\u00ed Ducha Sv\u00e4t\u00e9ho \u017eil Ondrej zhruba dvan\u00e1s\u0165 rokov v Jeruzaleme. Potom odi\u0161iel pravdepodobne do Bit\u00fdnie (M. \u00c1zia), ju\u017en\u00e9ho Ruska (kmene Sk\u00fdtov), odtia\u013e do Tr\u00e1kie (dne\u0161n\u00e9 Bulharsko a Rumunsko) a nakoniec do Gr\u00e9cka, kde dosiahol najv\u00e4\u010d\u0161ie apo\u0161tolsk\u00e9 \u00faspechy. Pohansk\u00e9 chr\u00e1my zostali pr\u00e1zdne, spustli, \u013eudia sa d\u00e1vali krsti\u0165. Pod\u013ea trad\u00edcie ho v hlavnom meste Ach\u00e1jska (ju\u017en\u00e9 Gr\u00e9cko) v Patrase na podnet cis\u00e1rskeho vlad\u00e1ra Egea ukri\u017eovali na kr\u00ed\u017ei v podobe p\u00edsmena X. Nepribili ho klincami, len ho priviazali. Na kr\u00ed\u017ei umieral tri dni.<\/p><p>Okolo roku 356 dal cis\u00e1r Kon\u0161tanc prenies\u0165 jeho pozostatky do Kon\u0161tant\u00ednopolu. Cis\u00e1r chcel takto konkurova\u0165 R\u00edmu, kde boli ostatky sv. apo\u0161tolov Petra a Pavla. Po p\u00e1de Carihradu v roku 1206 pozostatky sv. Ondreja preniesli do katedr\u00e1ly v Amalfi (ju\u017ene od Neapolu). V 15. storo\u010d\u00ed preniesli apo\u0161tolovu hlavu do R\u00edma, kde ju s ve\u013ekou \u00factou ulo\u017eili v chr\u00e1me sv. Petra. V roku 1964 v\u0161ak p\u00e1pe\u017e Pavol VI. preniesol t\u00fato relikviu do Patrasu, kde je ulo\u017een\u00e1 v chr\u00e1me sv. Ondreja. Sv. Ondrej je dodnes na popredn\u00fdch miestach \u00facty k sv\u00e4t\u00fdm, najm\u00e4 vo v\u00fdchodn\u00fdch cirkv\u00e1ch.<\/p>\t\t\t\t\t\t\t\t<\/div>\n\t\t\t\t<\/div>\n\t\t\t\t\t<\/div>\n\t\t<\/div>\n\t\t\t\t<div class=\"elementor-column elementor-col-33 elementor-top-column elementor-element elementor-element-5588fd2\" data-id=\"5588fd2\" data-element_type=\"column\">\n\t\t\t<div class=\"elementor-widget-wrap elementor-element-populated\">\n\t\t\t\t\t\t<div class=\"elementor-element elementor-element-380fd79 elementor-widget elementor-widget-image\" data-id=\"380fd79\" data-element_type=\"widget\" data-widget_type=\"image.default\">\n\t\t\t\t<div class=\"elementor-widget-container\">\n\t\t\t\t\t\t\t\t\t\t\t\t\t\t\t<img decoding=\"async\" width=\"330\" height=\"423\" src=\"https:\/\/farnostlipany.sk\/wp-content\/uploads\/2019\/11\/330px-Artus_Wolffort_-_St_Andrew_-_WGA25857.jpg\" class=\"attachment-large size-large wp-image-2626\" alt=\"\" srcset=\"https:\/\/farnostlipany.sk\/wp-content\/uploads\/2019\/11\/330px-Artus_Wolffort_-_St_Andrew_-_WGA25857.jpg 330w, https:\/\/farnostlipany.sk\/wp-content\/uploads\/2019\/11\/330px-Artus_Wolffort_-_St_Andrew_-_WGA25857-234x300.jpg 234w\" sizes=\"(max-width: 330px) 100vw, 330px\" \/>\t\t\t\t\t\t\t\t\t\t\t\t\t\t\t<\/div>\n\t\t\t\t<\/div>\n\t\t\t\t\t<\/div>\n\t\t<\/div>\n\t\t\t\t\t<\/div>\n\t\t<\/section>\n\t\t\t\t<\/div>\n\t\t","protected":false},"excerpt":{"rendered":"<p>Patr\u00f3na na\u0161ej arcidiec\u00e9zy si uct\u00edme pri sv. om\u0161i v sobotu 2.12.2023 o 10.00 h v Katedr\u00e1le sv. Al\u017ebety v Ko\u0161iciach. K\u00a0\u00fa\u010dasti na sl\u00e1ven\u00ed Eucharistie poz\u00fdvame v\u0161etk\u00fdch veriacich. X Mons. Bernard Bober arcibiskup \u2013 metropolita Sv. Ondrej, apo\u0161tol, sa narodil v<\/p>\n","protected":false},"author":3,"featured_media":2624,"comment_status":"closed","ping_status":"closed","sticky":false,"template":"","format":"standard","meta":{"_monsterinsights_skip_tracking":false,"_monsterinsights_sitenote_active":false,"_monsterinsights_sitenote_note":"","_monsterinsights_sitenote_category":0,"footnotes":""},"categories":[1],"tags":[],"class_list":["post-2623","post","type-post","status-publish","format-standard","has-post-thumbnail","hentry","category-nezaradene"],"_links":{"self":[{"href":"https:\/\/farnostlipany.sk\/index.php?rest_route=\/wp\/v2\/posts\/2623","targetHints":{"allow":["GET"]}}],"collection":[{"href":"https:\/\/farnostlipany.sk\/index.php?rest_route=\/wp\/v2\/posts"}],"about":[{"href":"https:\/\/farnostlipany.sk\/index.php?rest_route=\/wp\/v2\/types\/post"}],"author":[{"embeddable":true,"href":"https:\/\/farnostlipany.sk\/index.php?rest_route=\/wp\/v2\/users\/3"}],"replies":[{"embeddable":true,"href":"https:\/\/farnostlipany.sk\/index.php?rest_route=%2Fwp%2Fv2%2Fcomments&post=2623"}],"version-history":[{"count":6,"href":"https:\/\/farnostlipany.sk\/index.php?rest_route=\/wp\/v2\/posts\/2623\/revisions"}],"predecessor-version":[{"id":11994,"href":"https:\/\/farnostlipany.sk\/index.php?rest_route=\/wp\/v2\/posts\/2623\/revisions\/11994"}],"wp:featuredmedia":[{"embeddable":true,"href":"https:\/\/farnostlipany.sk\/index.php?rest_route=\/wp\/v2\/media\/2624"}],"wp:attachment":[{"href":"https:\/\/farnostlipany.sk\/index.php?rest_route=%2Fwp%2Fv2%2Fmedia&parent=2623"}],"wp:term":[{"taxonomy":"category","embeddable":true,"href":"https:\/\/farnostlipany.sk\/index.php?rest_route=%2Fwp%2Fv2%2Fcategories&post=2623"},{"taxonomy":"post_tag","embeddable":true,"href":"https:\/\/farnostlipany.sk\/index.php?rest_route=%2Fwp%2Fv2%2Ftags&post=2623"}],"curies":[{"name":"wp","href":"https:\/\/api.w.org\/{rel}","templated":true}]}}