{"id":4098,"date":"2024-05-17T06:20:00","date_gmt":"2024-05-17T04:20:00","guid":{"rendered":"https:\/\/farnostlipany.sk\/?p=4098"},"modified":"2024-05-20T21:10:16","modified_gmt":"2024-05-20T19:10:16","slug":"svetovy-den-modlitieb-za-cirkev-v-cine-24-maj","status":"publish","type":"post","link":"https:\/\/farnostlipany.sk\/?p=4098","title":{"rendered":"Svetov\u00fd de\u0148 modlitieb za cirkev v \u010c\u00edne &#8211; 24. m\u00e1j"},"content":{"rendered":"\t\t<div data-elementor-type=\"wp-post\" data-elementor-id=\"4098\" class=\"elementor elementor-4098\">\n\t\t\t\t\t\t<section class=\"elementor-section elementor-top-section elementor-element elementor-element-79c8398 elementor-section-boxed elementor-section-height-default elementor-section-height-default\" data-id=\"79c8398\" data-element_type=\"section\">\n\t\t\t\t\t\t<div class=\"elementor-container elementor-column-gap-default\">\n\t\t\t\t\t<div class=\"elementor-column elementor-col-33 elementor-top-column elementor-element elementor-element-087df82\" data-id=\"087df82\" data-element_type=\"column\">\n\t\t\t<div class=\"elementor-widget-wrap elementor-element-populated\">\n\t\t\t\t\t\t<div class=\"elementor-element elementor-element-0e20151 elementor-widget elementor-widget-image\" data-id=\"0e20151\" data-element_type=\"widget\" data-widget_type=\"image.default\">\n\t\t\t\t<div class=\"elementor-widget-container\">\n\t\t\t\t\t\t\t\t\t\t\t\t\t\t\t<img fetchpriority=\"high\" decoding=\"async\" width=\"300\" height=\"448\" src=\"https:\/\/farnostlipany.sk\/wp-content\/uploads\/2020\/05\/ol_sheshan.jpg\" class=\"attachment-large size-large wp-image-4099\" alt=\"\" srcset=\"https:\/\/farnostlipany.sk\/wp-content\/uploads\/2020\/05\/ol_sheshan.jpg 300w, https:\/\/farnostlipany.sk\/wp-content\/uploads\/2020\/05\/ol_sheshan-201x300.jpg 201w\" sizes=\"(max-width: 300px) 100vw, 300px\" \/>\t\t\t\t\t\t\t\t\t\t\t\t\t\t\t<\/div>\n\t\t\t\t<\/div>\n\t\t\t\t\t<\/div>\n\t\t<\/div>\n\t\t\t\t<div class=\"elementor-column elementor-col-33 elementor-top-column elementor-element elementor-element-facf651\" data-id=\"facf651\" data-element_type=\"column\">\n\t\t\t<div class=\"elementor-widget-wrap elementor-element-populated\">\n\t\t\t\t\t\t<div class=\"elementor-element elementor-element-2796c8f elementor-widget elementor-widget-text-editor\" data-id=\"2796c8f\" data-element_type=\"widget\" data-widget_type=\"text-editor.default\">\n\t\t\t\t<div class=\"elementor-widget-container\">\n\t\t\t\t\t\t\t\t\t<p><strong><i>Nebesk\u00e1 Matka, po\u010duj hlas tvojich det\u00ed, ktor\u00e9 pokorne vz\u00fdvaj\u00fa tvoje meno.<\/i><\/strong><\/p><p><strong><i>Panna n\u00e1deje, tebe zverujeme cestu veriacich v u\u0161\u013eachtilej \u010d\u00ednskej zemi. Pros\u00edme \u0165a, predkladaj P\u00e1novi dej\u00edn \u00fatrapy a n\u00e1mahy, prosby a o\u010dak\u00e1vania veriacich, ktor\u00ed sa k tebe modlia,<\/i><i>\u00a0Kr\u00e1\u013eovn\u00e1 neba!<\/i><\/strong><\/p><p><strong><i>Matka Cirkvi, tebe zasv\u00e4cujeme pr\u00edtomnos\u0165 i\u00a0bud\u00facnos\u0165 rod\u00edn a\u00a0na\u0161ich komun\u00edt. Ochra\u0148uj ich a\u00a0podporuj v bratskom zmieren\u00ed a\u00a0v\u00a0slu\u017ebe chudobn\u00fdm, ktor\u00ed zvelebuj\u00fa tvoje meno, Kr\u00e1\u013eovn\u00e1 neba!<\/i><\/strong><\/p><p><strong><i>\u00datecha zarm\u00faten\u00fdch, k\u00a0tebe sa utiekame, preto\u017ee si \u00fato\u010diskom t\u00fdch, ktor\u00ed pla\u010d\u00fa v\u00a0sk\u00fa\u0161kach. Bdej nad tvojimi de\u0165mi, ktor\u00e9 chv\u00e1lia tvoje meno, daj nech v\u00a0jednote nes\u00fa zves\u0165 Evanjelia. Sprev\u00e1dzaj ich kroky k\u00a0bratskej\u0161iemu svetu, daj, nech v\u0161etk\u00fdm prines\u00fa rados\u0165 odpustenia, Kr\u00e1\u013eovn\u00e1 neba!<\/i><\/strong><\/p><p><strong><i>M\u00e1ria, Pomocnica kres\u0165anov, pros\u00edme \u0165a o\u00a0dni po\u017eehnania a\u00a0pokoja pre \u010c\u00ednu. Amen!<\/i><\/strong><\/p>\t\t\t\t\t\t\t\t<\/div>\n\t\t\t\t<\/div>\n\t\t\t\t\t<\/div>\n\t\t<\/div>\n\t\t\t\t<div class=\"elementor-column elementor-col-33 elementor-top-column elementor-element elementor-element-7d239f1\" data-id=\"7d239f1\" data-element_type=\"column\">\n\t\t\t<div class=\"elementor-widget-wrap elementor-element-populated\">\n\t\t\t\t\t\t<div class=\"elementor-element elementor-element-653ee98 elementor-widget elementor-widget-text-editor\" data-id=\"653ee98\" data-element_type=\"widget\" data-widget_type=\"text-editor.default\">\n\t\t\t\t<div class=\"elementor-widget-container\">\n\t\t\t\t\t\t\t\t\t<p>P\u00e1pe\u017e Benedikt XVI. ustanovil 24. m\u00e1j za Svetov\u00fd de\u0148 modlitieb za Cirkev v \u010c\u00edne. Na 24. m\u00e1ja pripad\u00e1 sviatok \u201ePanny M\u00e1rie, Pomocnice kres\u0165anov\u201c, sl\u00e1ven\u00fd tie\u017e mnoh\u00fdmi \u010d\u00ednskymi p\u00fatnikmi v mari\u00e1nskej sv\u00e4tyni Sheshan, asi 50 km juhoz\u00e1padne od \u0160anghaja.<\/p>\t\t\t\t\t\t\t\t<\/div>\n\t\t\t\t<\/div>\n\t\t\t\t\t<\/div>\n\t\t<\/div>\n\t\t\t\t\t<\/div>\n\t\t<\/section>\n\t\t\t\t<\/div>\n\t\t","protected":false},"excerpt":{"rendered":"<p>Nebesk\u00e1 Matka, po\u010duj hlas tvojich det\u00ed, ktor\u00e9 pokorne vz\u00fdvaj\u00fa tvoje meno. Panna n\u00e1deje, tebe zverujeme cestu veriacich v u\u0161\u013eachtilej \u010d\u00ednskej zemi. Pros\u00edme \u0165a, predkladaj P\u00e1novi dej\u00edn \u00fatrapy a n\u00e1mahy, prosby a o\u010dak\u00e1vania veriacich, ktor\u00ed sa k tebe modlia,\u00a0Kr\u00e1\u013eovn\u00e1 neba! Matka<\/p>\n","protected":false},"author":3,"featured_media":4099,"comment_status":"closed","ping_status":"closed","sticky":false,"template":"","format":"standard","meta":{"_monsterinsights_skip_tracking":false,"_monsterinsights_sitenote_active":false,"_monsterinsights_sitenote_note":"","_monsterinsights_sitenote_category":0,"footnotes":""},"categories":[1],"tags":[],"class_list":["post-4098","post","type-post","status-publish","format-standard","has-post-thumbnail","hentry","category-nezaradene"],"_links":{"self":[{"href":"https:\/\/farnostlipany.sk\/index.php?rest_route=\/wp\/v2\/posts\/4098","targetHints":{"allow":["GET"]}}],"collection":[{"href":"https:\/\/farnostlipany.sk\/index.php?rest_route=\/wp\/v2\/posts"}],"about":[{"href":"https:\/\/farnostlipany.sk\/index.php?rest_route=\/wp\/v2\/types\/post"}],"author":[{"embeddable":true,"href":"https:\/\/farnostlipany.sk\/index.php?rest_route=\/wp\/v2\/users\/3"}],"replies":[{"embeddable":true,"href":"https:\/\/farnostlipany.sk\/index.php?rest_route=%2Fwp%2Fv2%2Fcomments&post=4098"}],"version-history":[{"count":6,"href":"https:\/\/farnostlipany.sk\/index.php?rest_route=\/wp\/v2\/posts\/4098\/revisions"}],"predecessor-version":[{"id":10338,"href":"https:\/\/farnostlipany.sk\/index.php?rest_route=\/wp\/v2\/posts\/4098\/revisions\/10338"}],"wp:featuredmedia":[{"embeddable":true,"href":"https:\/\/farnostlipany.sk\/index.php?rest_route=\/wp\/v2\/media\/4099"}],"wp:attachment":[{"href":"https:\/\/farnostlipany.sk\/index.php?rest_route=%2Fwp%2Fv2%2Fmedia&parent=4098"}],"wp:term":[{"taxonomy":"category","embeddable":true,"href":"https:\/\/farnostlipany.sk\/index.php?rest_route=%2Fwp%2Fv2%2Fcategories&post=4098"},{"taxonomy":"post_tag","embeddable":true,"href":"https:\/\/farnostlipany.sk\/index.php?rest_route=%2Fwp%2Fv2%2Ftags&post=4098"}],"curies":[{"name":"wp","href":"https:\/\/api.w.org\/{rel}","templated":true}]}}