{"id":4112,"date":"2024-05-12T08:16:00","date_gmt":"2024-05-12T06:16:00","guid":{"rendered":"https:\/\/farnostlipany.sk\/?p=4112"},"modified":"2024-05-11T23:18:40","modified_gmt":"2024-05-11T21:18:40","slug":"slavnost-zoslania-ducha-svateho-31-maj-2020","status":"publish","type":"post","link":"https:\/\/farnostlipany.sk\/?p=4112","title":{"rendered":"Sl\u00e1vnos\u0165 Zoslania Ducha Sv\u00e4t\u00e9ho &#8211; 19. m\u00e1j 2024"},"content":{"rendered":"\t\t<div data-elementor-type=\"wp-post\" data-elementor-id=\"4112\" class=\"elementor elementor-4112\">\n\t\t\t\t\t\t<section class=\"elementor-section elementor-top-section elementor-element elementor-element-976b802 elementor-section-boxed elementor-section-height-default elementor-section-height-default\" data-id=\"976b802\" data-element_type=\"section\">\n\t\t\t\t\t\t<div class=\"elementor-container elementor-column-gap-default\">\n\t\t\t\t\t<div class=\"elementor-column elementor-col-33 elementor-top-column elementor-element elementor-element-56e4e12\" data-id=\"56e4e12\" data-element_type=\"column\">\n\t\t\t<div class=\"elementor-widget-wrap elementor-element-populated\">\n\t\t\t\t\t\t<div class=\"elementor-element elementor-element-b64bdec elementor-widget elementor-widget-image\" data-id=\"b64bdec\" data-element_type=\"widget\" data-widget_type=\"image.default\">\n\t\t\t\t<div class=\"elementor-widget-container\">\n\t\t\t\t\t\t\t\t\t\t\t\t\t\t\t<img fetchpriority=\"high\" decoding=\"async\" width=\"795\" height=\"1024\" src=\"https:\/\/farnostlipany.sk\/wp-content\/uploads\/2019\/08\/pentecost-fire-dove-795x1024.jpg\" class=\"attachment-large size-large wp-image-2235\" alt=\"\" srcset=\"https:\/\/farnostlipany.sk\/wp-content\/uploads\/2019\/08\/pentecost-fire-dove-795x1024.jpg 795w, https:\/\/farnostlipany.sk\/wp-content\/uploads\/2019\/08\/pentecost-fire-dove-233x300.jpg 233w, https:\/\/farnostlipany.sk\/wp-content\/uploads\/2019\/08\/pentecost-fire-dove-768x989.jpg 768w, https:\/\/farnostlipany.sk\/wp-content\/uploads\/2019\/08\/pentecost-fire-dove.jpg 932w\" sizes=\"(max-width: 795px) 100vw, 795px\" \/>\t\t\t\t\t\t\t\t\t\t\t\t\t\t\t<\/div>\n\t\t\t\t<\/div>\n\t\t\t\t\t<\/div>\n\t\t<\/div>\n\t\t\t\t<div class=\"elementor-column elementor-col-66 elementor-top-column elementor-element elementor-element-8315268\" data-id=\"8315268\" data-element_type=\"column\">\n\t\t\t<div class=\"elementor-widget-wrap elementor-element-populated\">\n\t\t\t\t\t\t<div class=\"elementor-element elementor-element-50a516c elementor-widget elementor-widget-text-editor\" data-id=\"50a516c\" data-element_type=\"widget\" data-widget_type=\"text-editor.default\">\n\t\t\t\t<div class=\"elementor-widget-container\">\n\t\t\t\t\t\t\t\t\t<p>Katol\u00edcka cirkev\u00a0bude\u00a0\u00a0v nede\u013eu 28. m\u00e1ja sl\u00e1vi\u0165 Sl\u00e1vnos\u0165 Zoslanie\u00a0Ducha Sv\u00e4t\u00e9ho. T\u00e1to sl\u00e1vnos\u0165 je zn\u00e1ma\u00a0aj pod n\u00e1zvom Tur\u00edce. Sv\u00e4todu\u0161n\u00e1 nede\u013ea sa sl\u00e1vi 50 dn\u00ed po Ve\u013ekej noci aj v in\u00fdch kres\u0165ansk\u00fdch cirkv\u00e1ch. Sv\u00e4todu\u0161n\u00e9 sviatky s\u00fa po Vianociach a Ve\u013ekej noci tretie najv\u00fdznamnej\u0161ie kres\u0165ansk\u00e9 sviatky.<\/p><p>Sl\u00e1vnos\u0165 Zoslania Ducha Sv\u00e4t\u00e9ho je apo\u0161tolsk\u00e9ho p\u00f4vodu. U\u017e sv Pavol p\u00ed\u0161e: \u201eV Efeze zostanem a\u017e do Tur\u00edc\u201c (1 Kor\u00a016,8). Aj najstar\u0161\u00ed cirkevn\u00ed spisovatelia spom\u00ednaj\u00fa t\u00fato sl\u00e1vnos\u0165 (Tertuli\u00e1n, Origenes, apokryf\u00a0Listy apo\u0161tolov z roku 130). Sl\u00e1vnos\u0165 m\u00e1 vig\u00edliu, ktor\u00e1 mala v\u00a0Gelazi\u00e1nskom\u00a0i\u00a0Gregori\u00e1nskom sakrament\u00e1ri\u00a0\u0161tyri \u010d\u00edtania, od 12. storo\u010dia to bolo \u0161es\u0165 \u010d\u00edtan\u00ed, \u010do ostalo a\u017e do roku 1956. Samotn\u00e1\u00a0sl\u00e1vnos\u0165 sa sl\u00e1vila s okt\u00e1vou od 6. storo\u010dia, ke\u010f sa vytr\u00e1cal\u00a0zmysel sl\u00e1vnosti ako vyvrcholenia Ve\u013ekono\u010dn\u00e9ho obdobia, \u010di\u017ee p\u00e4\u0165desiaty de\u0148 po zm\u0155tvychvstan\u00ed, a brala sa ako osobitn\u00e1 sl\u00e1vnos\u0165. Po\u010das liturgickej\u00a0obnovy do\u0161lo k zru\u0161eniu tejto okt\u00e1vy, aby bolo ve\u013ekono\u010dn\u00fdch dn\u00ed naozaj p\u00e4\u0165desiat.\u00a0Veriaci si na Sv\u00e4todu\u0161n\u00fa nede\u013eu pripom\u00ednaj\u00fa udalos\u0165, ke\u010f Je\u017ei\u0161ovi u\u010den\u00edci zhroma\u017eden\u00ed v Jeruzaleme boli naplnen\u00ed Duchom Sv\u00e4t\u00fdm a za\u010dali hovori\u0165 r\u00f4znymi jazykmi. \u201eKe\u010f pri\u0161iel de\u0148 Tur\u00edc, boli v\u0161etci vedno na tom istom mieste. Tu sa n\u00e1hle strhol hukot z neba, ako ke\u010f sa \u017eenie prudk\u00fd vietor, a naplnil cel\u00fd dom, v ktorom boli. I zjavili sa im akoby ohniv\u00e9 jazyky, ktor\u00e9 sa rozdelili a na ka\u017edom\u00a0 z nich spo\u010dinul jeden. V\u0161etk\u00fdch naplnil Duch Sv\u00e4t\u00fd a za\u010dali hovori\u0165 in\u00fdmi jazykmi, ako im Duch d\u00e1val hovori\u0165,\u201c p\u00ed\u0161e sa v knihe Skutkov apo\u0161tolov. V de\u0148 Tur\u00edc bol Duch Sv\u00e4t\u00fd zjaven\u00fd ako tretia Bo\u017esk\u00e1 osoba\u00a0Najsv\u00e4tej\u0161ej\u00a0Trojice a z\u00e1rove\u0148 v tento de\u0148 bola Cirkev zjaven\u00e1 svetu. Zn\u00e1mych je sedem darov Ducha Sv\u00e4t\u00e9ho, a to &#8211; Dar m\u00fadrosti, Dar rozumu, Dar rady, Dar sily, Dar poznania, Dar n\u00e1bo\u017enosti a Dar b\u00e1zne\u00a0vo\u010di Bohu. K symbolom Ducha Sv\u00e4t\u00e9ho patr\u00ed najm\u00e4 voda, ktor\u00e1 nazna\u010duje jeho p\u00f4sobenie pri krste a ohe\u0148 symbolizuj\u00faci jeho pretrv\u00e1vaj\u00facu silu a tie\u017e oblak a svetlo. A\u017e nesk\u00f4r sa symbolom Ducha Sv\u00e4t\u00e9ho stala\u00a0aj\u00a0holubica.<\/p><p>\u00dapln\u00e9 odpustky sa ude\u013euj\u00fa veriacemu, ktor\u00fd sa v\u00a0kostole alebo kaplnke z\u00fa\u010dast\u0148uje na sl\u00e1vnostnom recitovan\u00ed alebo speve hymnu Veni Creator Spiritus \u2013 P\u00ed\u010f, Duchu Sv\u00e4t\u00fd, tvoriv\u00fd, a\u00a0to bu\u010f v\u00a0prv\u00fd de\u0148 (civiln\u00e9ho) roku (\u010di\u017ee 1. janu\u00e1ra) preto, aby (si) vyprosoval Bo\u017eiu pomoc do cel\u00e9ho nadch\u00e1dzaj\u00faceho roku, alebo na sl\u00e1vnos\u0165 Zoslania Ducha Sv\u00e4t\u00e9ho.\u00a0 Enchiridion odpustkov s. 76, 26 \u00a71.1. Touto sl\u00e1vnos\u0165ou sa kon\u010d\u00ed Ve\u013ekono\u010dn\u00e9 obdobie. Ve\u013ekono\u010dn\u00e1 svieca sa s \u00factou uchov\u00e1va pri krstite\u013enici, aby sa od nej pri sl\u00e1ven\u00ed krstu mohli za\u017ea\u0165\u00a0sviece pokrsten\u00fdch. Pri sl\u00e1ven\u00ed pohrebn\u00fdch obradov sa zap\u00e1len\u00e1 kladie k rakve zosnul\u00e9ho na znak toho, \u017ee pre kres\u0165ana je smr\u0165 jeho Ve\u013ekou nocou. Od pondelka po tejto sl\u00e1vnosti sa modl\u00edme r\u00e1no, na poludnie i ve\u010der\u00a0Anjel P\u00e1na.\u00a0<\/p><p>Od roku 2018 sa\u00a0v celej R\u00edmskokatol\u00edckej cirkvi sl\u00e1vi v pondelok po Zoslan\u00ed Ducha Sv\u00e4t\u00e9ho, doteraz\u00a0tradi\u010dne ozna\u010dovan\u00fd ako Sv\u00e4todu\u0161n\u00fd pondelok,\u00a0povinn\u00e1 liturgick\u00e1 spomienka Preblahoslavenej Panny M\u00e1rie, Matky Cirkvi.\u00a0Spomienku Preblahoslavenej Panny M\u00e1rie, Matky Cirkvi ustanovila Kongreg\u00e1cia pre Bo\u017e\u00ed kult a discipl\u00ednu sviatost\u00ed dekr\u00e9tom zverejnen\u00fdm 3. marca 2018 s podpisom prefekta Roberta Saraha z 11. febru\u00e1ra 2018 v de\u0148 spomienky Panny M\u00e1rie Lurdskej.\u00a0O tejto \u00facte vo svojich dielach hovoril u\u017e sv. August\u00edn aj sv. Lev Ve\u013ek\u00fd. V novodobej hist\u00f3rii Cirkvi v tejto s\u00favislosti stoj\u00ed za zmienku 21. november 1964, ke\u010f sv\u00e4t\u00fd Pavol VI. na z\u00e1ver tretieho zasadnutia Druh\u00e9ho vatik\u00e1nskeho koncilu vyhl\u00e1sil Preblahoslaven\u00fa\u00a0 Pannu M\u00e1riu za \u201eMatku Cirkvi, \u010di\u017ee cel\u00e9ho kres\u0165ansk\u00e9ho \u013eudu, tak veriacich ako aj pastierov, ktor\u00ed ju volaj\u00fa najmilovanej\u0161ia Matka.\u201c\u00a0Prefekt Kongreg\u00e1cie pre Bo\u017e\u00ed kult a discipl\u00ednu sviatost\u00ed kardin\u00e1l Robert Sarah vysvetlil v\u00fdber term\u00ednu liturgick\u00e9ho d\u0148a v tesnej bl\u00edzkosti Tur\u00edc nasledovne:\u00a0\u201ePri zv\u00e1\u017een\u00ed d\u00f4le\u017eitosti tajomstva duchovn\u00e9ho materstva M\u00e1rie, ktor\u00e1 sa po\u010dn\u00fac o\u010dak\u00e1van\u00edm Ducha Sv\u00e4t\u00e9ho na Tur\u00edce\u00a0(porov.\u00a0Sk\u00a01, 14)\u00a0nikdy neprestala matersky stara\u0165 o Cirkev putuj\u00facu v \u010dase, p\u00e1pe\u017e Franti\u0161ek ustanovil, \u017ee v pondelok po Zoslan\u00ed Ducha Sv\u00e4t\u00e9ho bude spomienka Panny M\u00e1rie, Matky Cirkvi z\u00e1v\u00e4zn\u00e1 pre cel\u00fa Katol\u00edcku cirkev r\u00edmskeho obradu. Je zrejm\u00e9 prepojenie medzi tur\u00ed\u010dnou vitalitou cirkvi a materskou starostlivos\u0165ou M\u00e1rie vo\u010di nej.\u201c\u00a0<\/p><p>Ke\u010f\u017ee je na Slovensku zvykom pred\u013a\u017ei\u0165 sl\u00e1vnos\u0165 Zoslania Ducha Sv\u00e4t\u00e9ho aj na pondelok, mo\u017eno dnes vzia\u0165 om\u0161u zo\u00a0sl\u00e1vnosti Zoslania Ducha Sv\u00e4t\u00e9ho, alebo vot\u00edvnu om\u0161u \u201eO Duchu Sv\u00e4tom\u201c\u00a0T\u00e1to om\u0161a m\u00f4\u017ee by\u0165 v tento pondelok, iba ak to duchovn\u00fd spr\u00e1vca alebo celebruj\u00faci k\u0148az uzn\u00e1 za naozaj potrebn\u00e9 a pastora\u010dne u\u017eito\u010dn\u00e9.\u00a0\u00a0\u00a0<\/p><p>V Katol\u00edckej cirkvi na Slovensku\u00a0sa pri pr\u00edle\u017eitosti Sl\u00e1vnosti Zoslania Ducha Sv\u00e4t\u00e9ho konaj\u00fa tradi\u010dn\u00e9 tur\u00ed\u010dne vig\u00edlie a p\u00fate.<\/p><p><em>Zdroj: Arch\u00edv TK KBS \/ Revidoval: Daniel Dian\u00a0<\/em><\/p>\t\t\t\t\t\t\t\t<\/div>\n\t\t\t\t<\/div>\n\t\t\t\t\t<\/div>\n\t\t<\/div>\n\t\t\t\t\t<\/div>\n\t\t<\/section>\n\t\t\t\t<\/div>\n\t\t","protected":false},"excerpt":{"rendered":"<p>Katol\u00edcka cirkev\u00a0bude\u00a0\u00a0v nede\u013eu 28. m\u00e1ja sl\u00e1vi\u0165 Sl\u00e1vnos\u0165 Zoslanie\u00a0Ducha Sv\u00e4t\u00e9ho. T\u00e1to sl\u00e1vnos\u0165 je zn\u00e1ma\u00a0aj pod n\u00e1zvom Tur\u00edce. Sv\u00e4todu\u0161n\u00e1 nede\u013ea sa sl\u00e1vi 50 dn\u00ed po Ve\u013ekej noci aj v in\u00fdch kres\u0165ansk\u00fdch cirkv\u00e1ch. Sv\u00e4todu\u0161n\u00e9 sviatky s\u00fa po Vianociach a Ve\u013ekej noci tretie najv\u00fdznamnej\u0161ie<\/p>\n","protected":false},"author":3,"featured_media":2235,"comment_status":"closed","ping_status":"closed","sticky":false,"template":"","format":"standard","meta":{"_monsterinsights_skip_tracking":false,"_monsterinsights_sitenote_active":false,"_monsterinsights_sitenote_note":"","_monsterinsights_sitenote_category":0,"footnotes":""},"categories":[1],"tags":[],"class_list":["post-4112","post","type-post","status-publish","format-standard","has-post-thumbnail","hentry","category-nezaradene"],"_links":{"self":[{"href":"https:\/\/farnostlipany.sk\/index.php?rest_route=\/wp\/v2\/posts\/4112","targetHints":{"allow":["GET"]}}],"collection":[{"href":"https:\/\/farnostlipany.sk\/index.php?rest_route=\/wp\/v2\/posts"}],"about":[{"href":"https:\/\/farnostlipany.sk\/index.php?rest_route=\/wp\/v2\/types\/post"}],"author":[{"embeddable":true,"href":"https:\/\/farnostlipany.sk\/index.php?rest_route=\/wp\/v2\/users\/3"}],"replies":[{"embeddable":true,"href":"https:\/\/farnostlipany.sk\/index.php?rest_route=%2Fwp%2Fv2%2Fcomments&post=4112"}],"version-history":[{"count":6,"href":"https:\/\/farnostlipany.sk\/index.php?rest_route=\/wp\/v2\/posts\/4112\/revisions"}],"predecessor-version":[{"id":11574,"href":"https:\/\/farnostlipany.sk\/index.php?rest_route=\/wp\/v2\/posts\/4112\/revisions\/11574"}],"wp:featuredmedia":[{"embeddable":true,"href":"https:\/\/farnostlipany.sk\/index.php?rest_route=\/wp\/v2\/media\/2235"}],"wp:attachment":[{"href":"https:\/\/farnostlipany.sk\/index.php?rest_route=%2Fwp%2Fv2%2Fmedia&parent=4112"}],"wp:term":[{"taxonomy":"category","embeddable":true,"href":"https:\/\/farnostlipany.sk\/index.php?rest_route=%2Fwp%2Fv2%2Fcategories&post=4112"},{"taxonomy":"post_tag","embeddable":true,"href":"https:\/\/farnostlipany.sk\/index.php?rest_route=%2Fwp%2Fv2%2Ftags&post=4112"}],"curies":[{"name":"wp","href":"https:\/\/api.w.org\/{rel}","templated":true}]}}