{"id":4217,"date":"2024-06-17T06:34:00","date_gmt":"2024-06-17T04:34:00","guid":{"rendered":"https:\/\/farnostlipany.sk\/?p=4217"},"modified":"2024-06-17T16:15:42","modified_gmt":"2024-06-17T14:15:42","slug":"slavnost-narodenia-sv-jana-krstitela-24-jun","status":"publish","type":"post","link":"https:\/\/farnostlipany.sk\/?p=4217","title":{"rendered":"Sl\u00e1vnos\u0165 Narodenia Sv. J\u00e1na Krstite\u013ea &#8211; 24. j\u00fan"},"content":{"rendered":"\t\t<div data-elementor-type=\"wp-post\" data-elementor-id=\"4217\" class=\"elementor elementor-4217\">\n\t\t\t\t\t\t<section class=\"elementor-section elementor-top-section elementor-element elementor-element-d909b22 elementor-section-boxed elementor-section-height-default elementor-section-height-default\" data-id=\"d909b22\" data-element_type=\"section\">\n\t\t\t\t\t\t<div class=\"elementor-container elementor-column-gap-default\">\n\t\t\t\t\t<div class=\"elementor-column elementor-col-33 elementor-top-column elementor-element elementor-element-2b4515a\" data-id=\"2b4515a\" data-element_type=\"column\">\n\t\t\t<div class=\"elementor-widget-wrap elementor-element-populated\">\n\t\t\t\t\t\t<div class=\"elementor-element elementor-element-3b0828a elementor-widget elementor-widget-image\" data-id=\"3b0828a\" data-element_type=\"widget\" data-widget_type=\"image.default\">\n\t\t\t\t<div class=\"elementor-widget-container\">\n\t\t\t\t\t\t\t\t\t\t\t\t\t\t\t<img fetchpriority=\"high\" decoding=\"async\" width=\"800\" height=\"998\" src=\"https:\/\/farnostlipany.sk\/wp-content\/uploads\/2020\/06\/800px-Stjohn-nativity.jpg\" class=\"attachment-large size-large wp-image-4218\" alt=\"\" srcset=\"https:\/\/farnostlipany.sk\/wp-content\/uploads\/2020\/06\/800px-Stjohn-nativity.jpg 800w, https:\/\/farnostlipany.sk\/wp-content\/uploads\/2020\/06\/800px-Stjohn-nativity-240x300.jpg 240w, https:\/\/farnostlipany.sk\/wp-content\/uploads\/2020\/06\/800px-Stjohn-nativity-768x958.jpg 768w\" sizes=\"(max-width: 800px) 100vw, 800px\" \/>\t\t\t\t\t\t\t\t\t\t\t\t\t\t\t<\/div>\n\t\t\t\t<\/div>\n\t\t\t\t\t<\/div>\n\t\t<\/div>\n\t\t\t\t<div class=\"elementor-column elementor-col-66 elementor-top-column elementor-element elementor-element-4020096\" data-id=\"4020096\" data-element_type=\"column\">\n\t\t\t<div class=\"elementor-widget-wrap elementor-element-populated\">\n\t\t\t\t\t\t<div class=\"elementor-element elementor-element-e4d09b5 elementor-widget elementor-widget-text-editor\" data-id=\"e4d09b5\" data-element_type=\"widget\" data-widget_type=\"text-editor.default\">\n\t\t\t\t<div class=\"elementor-widget-container\">\n\t\t\t\t\t\t\t\t\t<p>J\u00e1n Krstite\u013e bol synom\u00a0<a href=\"http:\/\/www.zivotopisysvatych.sk\/zacharias-otec-jana-krstitela\/\">Zachari\u00e1\u0161a<\/a>\u00a0a\u00a0<a href=\"http:\/\/www.zivotopisysvatych.sk\/alzbeta\/\">Al\u017ebety<\/a>. Jeho pr\u00edchod na svet sprev\u00e1dzali neoby\u010dajn\u00e9 udalosti. Zachari\u00e1\u0161 bol k\u0148azom v jeruzalemskom chr\u00e1me. Pr\u00e1ve prin\u00e1\u0161al obetu Bohu, ke\u010f sa mu zjavil anjel\u00a0<a href=\"http:\/\/www.zivotopisysvatych.sk\/gabriel-archanjel\/\">Gabriel<\/a>\u00a0a zvestoval mu, \u017ee sa mu narod\u00ed syn. Ke\u010f\u017ee Zachari\u00e1\u0161 aj Al\u017ebeta boli vo vysokom veku, Zachari\u00e1\u0161 neuveril. Hne\u010f nato onemel. Prehovoril a\u017e potom, ako rozhodol, \u017ee jeho syn sa bude vola\u0165 J\u00e1n, napriek v\u0161etk\u00fdm \u017eidovsk\u00fdm zvyklostiam. J\u00e1n \u017eil na p\u00fa\u0161ti v samote, \u017eivil sa lesn\u00fdm medom a korienkami rastl\u00edn, nosil oblek z \u0165avej ko\u017ee, je symbolom radik\u00e1lneho \u017eivota s Bohom. Ke\u010f mal 30 rokov \u2013 okolo roku 27 \u2013 opustil p\u00fa\u0161\u0165, aby na brehu rieky Jord\u00e1n hl\u00e1sal pr\u00edchod Mesi\u00e1\u0161a, vyz\u00fdval na pok\u00e1nie a krstil \u013eud\u00ed. Ve\u013ea \u013eud\u00ed i\u0161lo za n\u00edm. Pri\u0161iel aj Je\u017ei\u0161. J\u00e1n v \u0148om rozpoznal Spasite\u013ea. Je\u017ei\u0161 po krste \u0161iel hl\u00e1sa\u0165 radostn\u00fa zves\u0165 do Galiley. J\u00e1n zostal pri Jord\u00e1ne. Preto\u017ee napom\u00ednal vtedaj\u0161ieho kr\u00e1\u013ea Herodesa pre jeho nemravn\u00fd a hrie\u0161ny \u017eivot, Herodes ho dal uv\u00e4zni\u0165 a nesk\u00f4r na \u017eiados\u0165 jeho nez\u00e1konnej man\u017eelky Herodiady a jej dc\u00e9ry Salome vo v\u00e4zen\u00ed s\u0165a\u0165. Na J\u00e1novo slovo viacero \u013eud\u00ed sa rozhodlo nasledova\u0165 \u201eBo\u017eieho Bar\u00e1nka\u201c \u2013 napr.\u00a0<a href=\"http:\/\/www.zivotopisysvatych.sk\/ondrej-andrej-apostol\/\">Ondrej<\/a>\u00a0a\u00a0<a href=\"http:\/\/www.zivotopisysvatych.sk\/jan-apostol\/\">J\u00e1n<\/a>. J\u00e1n Krstite\u013e vystupuje ako posledn\u00fd staroz\u00e1konn\u00fd prorok, predchodca Mesi\u00e1\u0161a. S\u00e1m Kristus sa o \u0148om vyjadril ako o najv\u00e4\u010d\u0161om medzi naroden\u00fdmi zo \u017eeny. Je to jedna z najv\u00e4\u010d\u0161\u00edch post\u00e1v dej\u00edn sp\u00e1sy.<\/p>\t\t\t\t\t\t\t\t<\/div>\n\t\t\t\t<\/div>\n\t\t\t\t\t<\/div>\n\t\t<\/div>\n\t\t\t\t\t<\/div>\n\t\t<\/section>\n\t\t\t\t<\/div>\n\t\t","protected":false},"excerpt":{"rendered":"<p>J\u00e1n Krstite\u013e bol synom\u00a0Zachari\u00e1\u0161a\u00a0a\u00a0Al\u017ebety. Jeho pr\u00edchod na svet sprev\u00e1dzali neoby\u010dajn\u00e9 udalosti. Zachari\u00e1\u0161 bol k\u0148azom v jeruzalemskom chr\u00e1me. Pr\u00e1ve prin\u00e1\u0161al obetu Bohu, ke\u010f sa mu zjavil anjel\u00a0Gabriel\u00a0a zvestoval mu, \u017ee sa mu narod\u00ed syn. Ke\u010f\u017ee Zachari\u00e1\u0161 aj Al\u017ebeta boli vo vysokom<\/p>\n","protected":false},"author":3,"featured_media":4218,"comment_status":"closed","ping_status":"closed","sticky":false,"template":"","format":"standard","meta":{"_monsterinsights_skip_tracking":false,"_monsterinsights_sitenote_active":false,"_monsterinsights_sitenote_note":"","_monsterinsights_sitenote_category":0,"footnotes":""},"categories":[1],"tags":[],"class_list":["post-4217","post","type-post","status-publish","format-standard","has-post-thumbnail","hentry","category-nezaradene"],"_links":{"self":[{"href":"https:\/\/farnostlipany.sk\/index.php?rest_route=\/wp\/v2\/posts\/4217","targetHints":{"allow":["GET"]}}],"collection":[{"href":"https:\/\/farnostlipany.sk\/index.php?rest_route=\/wp\/v2\/posts"}],"about":[{"href":"https:\/\/farnostlipany.sk\/index.php?rest_route=\/wp\/v2\/types\/post"}],"author":[{"embeddable":true,"href":"https:\/\/farnostlipany.sk\/index.php?rest_route=\/wp\/v2\/users\/3"}],"replies":[{"embeddable":true,"href":"https:\/\/farnostlipany.sk\/index.php?rest_route=%2Fwp%2Fv2%2Fcomments&post=4217"}],"version-history":[{"count":6,"href":"https:\/\/farnostlipany.sk\/index.php?rest_route=\/wp\/v2\/posts\/4217\/revisions"}],"predecessor-version":[{"id":11679,"href":"https:\/\/farnostlipany.sk\/index.php?rest_route=\/wp\/v2\/posts\/4217\/revisions\/11679"}],"wp:featuredmedia":[{"embeddable":true,"href":"https:\/\/farnostlipany.sk\/index.php?rest_route=\/wp\/v2\/media\/4218"}],"wp:attachment":[{"href":"https:\/\/farnostlipany.sk\/index.php?rest_route=%2Fwp%2Fv2%2Fmedia&parent=4217"}],"wp:term":[{"taxonomy":"category","embeddable":true,"href":"https:\/\/farnostlipany.sk\/index.php?rest_route=%2Fwp%2Fv2%2Fcategories&post=4217"},{"taxonomy":"post_tag","embeddable":true,"href":"https:\/\/farnostlipany.sk\/index.php?rest_route=%2Fwp%2Fv2%2Ftags&post=4217"}],"curies":[{"name":"wp","href":"https:\/\/api.w.org\/{rel}","templated":true}]}}