{"id":4421,"date":"2024-10-01T12:01:00","date_gmt":"2024-10-01T10:01:00","guid":{"rendered":"https:\/\/farnostlipany.sk\/?p=4421"},"modified":"2024-10-05T15:35:36","modified_gmt":"2024-10-05T13:35:36","slug":"umysly-apostolatu-modlitby-september-2020","status":"publish","type":"post","link":"https:\/\/farnostlipany.sk\/?p=4421","title":{"rendered":"\u00damysly apo\u0161tol\u00e1tu modlitby \u2013 Okt\u00f3ber 2024"},"content":{"rendered":"\t\t<div data-elementor-type=\"wp-post\" data-elementor-id=\"4421\" class=\"elementor elementor-4421\">\n\t\t\t\t\t\t<section class=\"elementor-section elementor-top-section elementor-element elementor-element-e3e6113 elementor-section-boxed elementor-section-height-default elementor-section-height-default\" data-id=\"e3e6113\" data-element_type=\"section\">\n\t\t\t\t\t\t<div class=\"elementor-container elementor-column-gap-default\">\n\t\t\t\t\t<div class=\"elementor-column elementor-col-33 elementor-top-column elementor-element elementor-element-a0797b5\" data-id=\"a0797b5\" data-element_type=\"column\">\n\t\t\t<div class=\"elementor-widget-wrap elementor-element-populated\">\n\t\t\t\t\t\t<div class=\"elementor-element elementor-element-d41889b elementor-widget elementor-widget-image\" data-id=\"d41889b\" data-element_type=\"widget\" data-widget_type=\"image.default\">\n\t\t\t\t<div class=\"elementor-widget-container\">\n\t\t\t\t\t\t\t\t\t\t\t\t\t\t\t<img fetchpriority=\"high\" decoding=\"async\" width=\"960\" height=\"960\" src=\"https:\/\/farnostlipany.sk\/wp-content\/uploads\/2019\/06\/52551361_2378923615453936_1713455654888275968_n.jpg\" class=\"attachment-large size-large wp-image-746\" alt=\"\" srcset=\"https:\/\/farnostlipany.sk\/wp-content\/uploads\/2019\/06\/52551361_2378923615453936_1713455654888275968_n.jpg 960w, https:\/\/farnostlipany.sk\/wp-content\/uploads\/2019\/06\/52551361_2378923615453936_1713455654888275968_n-150x150.jpg 150w, https:\/\/farnostlipany.sk\/wp-content\/uploads\/2019\/06\/52551361_2378923615453936_1713455654888275968_n-300x300.jpg 300w, https:\/\/farnostlipany.sk\/wp-content\/uploads\/2019\/06\/52551361_2378923615453936_1713455654888275968_n-768x768.jpg 768w\" sizes=\"(max-width: 960px) 100vw, 960px\" \/>\t\t\t\t\t\t\t\t\t\t\t\t\t\t\t<\/div>\n\t\t\t\t<\/div>\n\t\t\t\t\t<\/div>\n\t\t<\/div>\n\t\t\t\t<div class=\"elementor-column elementor-col-66 elementor-top-column elementor-element elementor-element-a867e1d\" data-id=\"a867e1d\" data-element_type=\"column\">\n\t\t\t<div class=\"elementor-widget-wrap elementor-element-populated\">\n\t\t\t\t\t\t<div class=\"elementor-element elementor-element-0db9e1c elementor-widget elementor-widget-text-editor\" data-id=\"0db9e1c\" data-element_type=\"widget\" data-widget_type=\"text-editor.default\">\n\t\t\t\t<div class=\"elementor-widget-container\">\n\t\t\t\t\t\t\t\t\t<p><i>\u00damysel Sv\u00e4t\u00e9ho Otca:\u00a0<\/i>Modlime sa, aby si Cirkev na\u010falej a v ka\u017edom smere udr\u017eiavala synod\u00e1lny \u0161t\u00fdl v duchu spolo\u010dnej zodpovednosti. Aby podporovala spolu\u00fa\u010das\u0165, spolo\u010denstvo a spolo\u010dn\u00fa misiu k\u0148azov, reho\u013en\u00edkov i laikov.<\/p><p><i>\u00damysel na\u0161ich biskupov:\u00a0<\/i>Aby na\u0161e \u0161koly pom\u00e1hali \u017eiakom a \u0161tudentom r\u00e1s\u0165 nielen vo vedomostiach, ale aj v zu\u0161\u013each\u0165ovan\u00ed charakteru.<\/p>\t\t\t\t\t\t\t\t<\/div>\n\t\t\t\t<\/div>\n\t\t\t\t\t<\/div>\n\t\t<\/div>\n\t\t\t\t\t<\/div>\n\t\t<\/section>\n\t\t<div class=\"elementor-element elementor-element-bfc6184 e-flex e-con-boxed e-con e-parent\" data-id=\"bfc6184\" data-element_type=\"container\">\n\t\t\t\t\t<div class=\"e-con-inner\">\n\t\t<div class=\"elementor-element elementor-element-c75e571 e-con-full e-flex e-con e-child\" data-id=\"c75e571\" data-element_type=\"container\">\n\t\t\t\t<div class=\"elementor-element elementor-element-e1c934a elementor-widget elementor-widget-text-editor\" data-id=\"e1c934a\" data-element_type=\"widget\" data-widget_type=\"text-editor.default\">\n\t\t\t\t<div class=\"elementor-widget-container\">\n\t\t\t\t\t\t\t\t\t<p><i>My v\u0161etci kres\u0165ania sme zodpovedn\u00ed za poslanie Cirkvi. V\u0161etci k\u0148azi. V\u0161etci.<\/i><\/p><p><i>My k\u0148azi nie sme vodcami \u00a0laikov,<\/i>\u00a0<i>ale ich pastiermi. Je\u017ei\u0161 n\u00e1s povolal, jedn\u00fdch i\u00a0druh\u00fdch: nie jedn\u00e9ho nad druh\u00e9ho, ani jedn\u00e9ho na jednej strane a \u010fal\u0161ieho na strane druhej, ale aby sme\u00a0<\/i><i style=\"font-variant-ligatures: inherit; font-variant-caps: inherit; font-weight: inherit; color: var( --e-global-color-text ); text-align: var(--text-align);\">sa vz\u00e1jomne dop\u013a\u0148ali. Sme spolo\u010denstvo. Preto m\u00e1me kr\u00e1\u010da\u0165 spolo\u010dne, kr\u00e1\u010da\u0165 po ceste synodality.<\/i><\/p><p><i>Samozrejme \u00a0by ste sa mohli p\u00fdta\u0165: \u010do m\u00f4\u017eem robi\u0165 ja, vodi\u010d autobusu? Ja, po\u013enohospod\u00e1r? Alebo ja, ryb\u00e1r? To, \u010do m\u00e1me robi\u0165 v\u0161etci: vyd\u00e1va\u0165 svedectvo svoj\u00edm \u017eivotom. A podeli\u0165 sa o zodpovednos\u0165 za poslanie Cirkvi.<\/i><\/p><p><i>Laici, pokrsten\u00ed, s\u00fa v Cirkvi doma a musia sa o \u0148u stara\u0165. To ist\u00e9 plat\u00ed aj pre n\u00e1s, k\u0148azov, zasv\u00e4ten\u00fdch. Ka\u017ed\u00fd prispieva t\u00fdm, \u010do vie robi\u0165 najlep\u0161ie. Sme spoluzodpovedn\u00ed za misiu, z\u00fa\u010dast\u0148ujeme sa na nej a \u017eijeme v spolo\u010denstve Cirkvi.<\/i><\/p><p><i>Modlime sa, aby Cirkev na\u010falej v\u0161etk\u00fdmi sp\u00f4sobmi<\/i>\u00a0<i>podporovala synod\u00e1lny \u0161t\u00fdl\u017eivota v znamen\u00ed spoluzodpovednosti, podporovala spolu\u00fa\u010das\u0165, spolo\u010denstvo a spolo\u010dn\u00e9 poslanie k\u0148azov, reho\u013en\u00edkov a laikov.<\/i><\/p>\t\t\t\t\t\t\t\t<\/div>\n\t\t\t\t<\/div>\n\t\t\t\t<\/div>\n\t\t<div class=\"elementor-element elementor-element-935e41d e-con-full e-flex e-con e-child\" data-id=\"935e41d\" data-element_type=\"container\">\n\t\t\t\t<div class=\"elementor-element elementor-element-c43d2cb elementor-widget elementor-widget-video\" data-id=\"c43d2cb\" data-element_type=\"widget\" data-settings=\"{&quot;youtube_url&quot;:&quot;https:\\\/\\\/youtu.be\\\/mlHlh8s-c2U&quot;,&quot;video_type&quot;:&quot;youtube&quot;,&quot;controls&quot;:&quot;yes&quot;}\" data-widget_type=\"video.default\">\n\t\t\t\t<div class=\"elementor-widget-container\">\n\t\t\t\t\t\t\t<div class=\"elementor-wrapper elementor-open-inline\">\n\t\t\t<div class=\"elementor-video\"><\/div>\t\t<\/div>\n\t\t\t\t\t\t<\/div>\n\t\t\t\t<\/div>\n\t\t\t\t<\/div>\n\t\t\t\t\t<\/div>\n\t\t\t\t<\/div>\n\t\t\t\t<\/div>\n\t\t","protected":false},"excerpt":{"rendered":"<p>\u00damysel Sv\u00e4t\u00e9ho Otca:\u00a0Modlime sa, aby si Cirkev na\u010falej a v ka\u017edom smere udr\u017eiavala synod\u00e1lny \u0161t\u00fdl v duchu spolo\u010dnej zodpovednosti. Aby podporovala spolu\u00fa\u010das\u0165, spolo\u010denstvo a spolo\u010dn\u00fa misiu k\u0148azov, reho\u013en\u00edkov i laikov. \u00damysel na\u0161ich biskupov:\u00a0Aby na\u0161e \u0161koly pom\u00e1hali \u017eiakom a \u0161tudentom r\u00e1s\u0165<\/p>\n","protected":false},"author":3,"featured_media":746,"comment_status":"closed","ping_status":"closed","sticky":false,"template":"","format":"standard","meta":{"_monsterinsights_skip_tracking":false,"_monsterinsights_sitenote_active":false,"_monsterinsights_sitenote_note":"","_monsterinsights_sitenote_category":0,"footnotes":""},"categories":[1],"tags":[],"class_list":["post-4421","post","type-post","status-publish","format-standard","has-post-thumbnail","hentry","category-nezaradene"],"_links":{"self":[{"href":"https:\/\/farnostlipany.sk\/index.php?rest_route=\/wp\/v2\/posts\/4421","targetHints":{"allow":["GET"]}}],"collection":[{"href":"https:\/\/farnostlipany.sk\/index.php?rest_route=\/wp\/v2\/posts"}],"about":[{"href":"https:\/\/farnostlipany.sk\/index.php?rest_route=\/wp\/v2\/types\/post"}],"author":[{"embeddable":true,"href":"https:\/\/farnostlipany.sk\/index.php?rest_route=\/wp\/v2\/users\/3"}],"replies":[{"embeddable":true,"href":"https:\/\/farnostlipany.sk\/index.php?rest_route=%2Fwp%2Fv2%2Fcomments&post=4421"}],"version-history":[{"count":6,"href":"https:\/\/farnostlipany.sk\/index.php?rest_route=\/wp\/v2\/posts\/4421\/revisions"}],"predecessor-version":[{"id":11929,"href":"https:\/\/farnostlipany.sk\/index.php?rest_route=\/wp\/v2\/posts\/4421\/revisions\/11929"}],"wp:featuredmedia":[{"embeddable":true,"href":"https:\/\/farnostlipany.sk\/index.php?rest_route=\/wp\/v2\/media\/746"}],"wp:attachment":[{"href":"https:\/\/farnostlipany.sk\/index.php?rest_route=%2Fwp%2Fv2%2Fmedia&parent=4421"}],"wp:term":[{"taxonomy":"category","embeddable":true,"href":"https:\/\/farnostlipany.sk\/index.php?rest_route=%2Fwp%2Fv2%2Fcategories&post=4421"},{"taxonomy":"post_tag","embeddable":true,"href":"https:\/\/farnostlipany.sk\/index.php?rest_route=%2Fwp%2Fv2%2Ftags&post=4421"}],"curies":[{"name":"wp","href":"https:\/\/api.w.org\/{rel}","templated":true}]}}