{"id":4427,"date":"2024-08-25T10:31:00","date_gmt":"2024-08-25T08:31:00","guid":{"rendered":"https:\/\/farnostlipany.sk\/?p=4427"},"modified":"2024-09-08T17:19:10","modified_gmt":"2024-09-08T15:19:10","slug":"4-vyrocie-biskupskej-vysviacky-pomocneho-biskupa-mareka-forgaca-1-september-2020","status":"publish","type":"post","link":"https:\/\/farnostlipany.sk\/?p=4427","title":{"rendered":"8. v\u00fdro\u010die biskupskej vysviacky pomocn\u00e9ho biskupa Mareka Forg\u00e1\u010da &#8211; 1. september 2024"},"content":{"rendered":"\t\t<div data-elementor-type=\"wp-post\" data-elementor-id=\"4427\" class=\"elementor elementor-4427\">\n\t\t\t\t\t\t<section class=\"elementor-section elementor-top-section elementor-element elementor-element-bc93abf elementor-section-boxed elementor-section-height-default elementor-section-height-default\" data-id=\"bc93abf\" data-element_type=\"section\">\n\t\t\t\t\t\t<div class=\"elementor-container elementor-column-gap-default\">\n\t\t\t\t\t<div class=\"elementor-column elementor-col-33 elementor-top-column elementor-element elementor-element-c4d7896\" data-id=\"c4d7896\" data-element_type=\"column\">\n\t\t\t<div class=\"elementor-widget-wrap elementor-element-populated\">\n\t\t\t\t\t\t<div class=\"elementor-element elementor-element-bf8ec26 elementor-widget elementor-widget-image\" data-id=\"bf8ec26\" data-element_type=\"widget\" data-widget_type=\"image.default\">\n\t\t\t\t<div class=\"elementor-widget-container\">\n\t\t\t\t\t\t\t\t\t\t\t\t\t\t\t<img fetchpriority=\"high\" decoding=\"async\" width=\"400\" height=\"594\" src=\"https:\/\/farnostlipany.sk\/wp-content\/uploads\/2020\/08\/forgac.jpg\" class=\"attachment-large size-large wp-image-4428\" alt=\"\" srcset=\"https:\/\/farnostlipany.sk\/wp-content\/uploads\/2020\/08\/forgac.jpg 400w, https:\/\/farnostlipany.sk\/wp-content\/uploads\/2020\/08\/forgac-202x300.jpg 202w\" sizes=\"(max-width: 400px) 100vw, 400px\" \/>\t\t\t\t\t\t\t\t\t\t\t\t\t\t\t<\/div>\n\t\t\t\t<\/div>\n\t\t\t\t\t<\/div>\n\t\t<\/div>\n\t\t\t\t<div class=\"elementor-column elementor-col-66 elementor-top-column elementor-element elementor-element-4a69d06\" data-id=\"4a69d06\" data-element_type=\"column\">\n\t\t\t<div class=\"elementor-widget-wrap elementor-element-populated\">\n\t\t\t\t\t\t<div class=\"elementor-element elementor-element-da4e3e9 elementor-widget elementor-widget-text-editor\" data-id=\"da4e3e9\" data-element_type=\"widget\" data-widget_type=\"text-editor.default\">\n\t\t\t\t<div class=\"elementor-widget-container\">\n\t\t\t\t\t\t\t\t\t<ul><li>narodil sa 21. janu\u00e1ra 1974 v Ko\u0161iciach<\/li><li>za k\u0148aza bol vysv\u00e4ten\u00fd 19. j\u00fana 1999 v Ko\u0161iciach<\/li><li>od roku 1999 kapl\u00e1nom v Trebi\u0161ove<\/li><li>od roku 2000 kapl\u00e1nom v Snine<\/li><li>od roku 2001 kapl\u00e1nom v Humennom<\/li><li>od roku 2002 kapl\u00e1nom v Univerzitnom pastora\u010dnom centre v Ko\u0161iciach<\/li><li>od roku 2004 na \u0161t\u00fadi\u00e1ch v R\u00edme<\/li><li>od roku 2007 duchovn\u00fd spr\u00e1vca Univerzitn\u00e9ho pastora\u010dn\u00e9ho centra v Ko\u0161iciach<\/li><li>od roku 2007 pedag\u00f3g pastor\u00e1lnej psychol\u00f3gie a psychol\u00f3gie man\u017eelstva a rodiny<\/li><li>od roku 2010 \u010dlen k\u0148azskej rady a \u010dlen kol\u00e9gia konzultorov<\/li><li>od roku 2011 prodekan pre vedu a v\u00fdskum na Teologickej fakulte Katol\u00edckej univerzity v Ru\u017eomberku<\/li><li>11. j\u00fana 2016 ho Sv\u00e4t\u00fd Otec Franti\u0161ek menoval za titul\u00e1rneho biskupa Seleuciane a ko\u0161ick\u00e9ho pomocn\u00e9ho biskupa<\/li><li>1. septembra 2016 ho Mons. Bernard Bober v katedr\u00e1le sv. Al\u017ebety v Ko\u0161iciach vysv\u00e4til za biskupa.<\/li><\/ul>\t\t\t\t\t\t\t\t<\/div>\n\t\t\t\t<\/div>\n\t\t\t\t\t<\/div>\n\t\t<\/div>\n\t\t\t\t\t<\/div>\n\t\t<\/section>\n\t\t\t\t<\/div>\n\t\t","protected":false},"excerpt":{"rendered":"<p>narodil sa 21. janu\u00e1ra 1974 v Ko\u0161iciach za k\u0148aza bol vysv\u00e4ten\u00fd 19. j\u00fana 1999 v Ko\u0161iciach od roku 1999 kapl\u00e1nom v Trebi\u0161ove od roku 2000 kapl\u00e1nom v Snine od roku 2001 kapl\u00e1nom v Humennom od roku 2002 kapl\u00e1nom v Univerzitnom<\/p>\n","protected":false},"author":3,"featured_media":4428,"comment_status":"closed","ping_status":"closed","sticky":false,"template":"","format":"standard","meta":{"_monsterinsights_skip_tracking":false,"_monsterinsights_sitenote_active":false,"_monsterinsights_sitenote_note":"","_monsterinsights_sitenote_category":0,"footnotes":""},"categories":[1],"tags":[],"class_list":["post-4427","post","type-post","status-publish","format-standard","has-post-thumbnail","hentry","category-nezaradene"],"_links":{"self":[{"href":"https:\/\/farnostlipany.sk\/index.php?rest_route=\/wp\/v2\/posts\/4427","targetHints":{"allow":["GET"]}}],"collection":[{"href":"https:\/\/farnostlipany.sk\/index.php?rest_route=\/wp\/v2\/posts"}],"about":[{"href":"https:\/\/farnostlipany.sk\/index.php?rest_route=\/wp\/v2\/types\/post"}],"author":[{"embeddable":true,"href":"https:\/\/farnostlipany.sk\/index.php?rest_route=\/wp\/v2\/users\/3"}],"replies":[{"embeddable":true,"href":"https:\/\/farnostlipany.sk\/index.php?rest_route=%2Fwp%2Fv2%2Fcomments&post=4427"}],"version-history":[{"count":7,"href":"https:\/\/farnostlipany.sk\/index.php?rest_route=\/wp\/v2\/posts\/4427\/revisions"}],"predecessor-version":[{"id":11796,"href":"https:\/\/farnostlipany.sk\/index.php?rest_route=\/wp\/v2\/posts\/4427\/revisions\/11796"}],"wp:featuredmedia":[{"embeddable":true,"href":"https:\/\/farnostlipany.sk\/index.php?rest_route=\/wp\/v2\/media\/4428"}],"wp:attachment":[{"href":"https:\/\/farnostlipany.sk\/index.php?rest_route=%2Fwp%2Fv2%2Fmedia&parent=4427"}],"wp:term":[{"taxonomy":"category","embeddable":true,"href":"https:\/\/farnostlipany.sk\/index.php?rest_route=%2Fwp%2Fv2%2Fcategories&post=4427"},{"taxonomy":"post_tag","embeddable":true,"href":"https:\/\/farnostlipany.sk\/index.php?rest_route=%2Fwp%2Fv2%2Ftags&post=4427"}],"curies":[{"name":"wp","href":"https:\/\/api.w.org\/{rel}","templated":true}]}}