{"id":4437,"date":"2024-10-13T08:00:00","date_gmt":"2024-10-13T06:00:00","guid":{"rendered":"https:\/\/farnostlipany.sk\/?p=4437"},"modified":"2024-03-02T14:50:26","modified_gmt":"2024-03-02T13:50:26","slug":"misijna-nedela","status":"publish","type":"post","link":"https:\/\/farnostlipany.sk\/?p=4437","title":{"rendered":"MISIJN\u00c1 NEDE\u013dA 2024"},"content":{"rendered":"\t\t<div data-elementor-type=\"wp-post\" data-elementor-id=\"4437\" class=\"elementor elementor-4437\">\n\t\t\t\t\t\t<section class=\"elementor-section elementor-top-section elementor-element elementor-element-af82b71 elementor-section-boxed elementor-section-height-default elementor-section-height-default\" data-id=\"af82b71\" data-element_type=\"section\">\n\t\t\t\t\t\t<div class=\"elementor-container elementor-column-gap-default\">\n\t\t\t\t\t<div class=\"elementor-column elementor-col-100 elementor-top-column elementor-element elementor-element-2ebbe62\" data-id=\"2ebbe62\" data-element_type=\"column\">\n\t\t\t<div class=\"elementor-widget-wrap elementor-element-populated\">\n\t\t\t\t\t\t<div class=\"elementor-element elementor-element-ca137c9 elementor-widget elementor-widget-text-editor\" data-id=\"ca137c9\" data-element_type=\"widget\" data-widget_type=\"text-editor.default\">\n\t\t\t\t<div class=\"elementor-widget-container\">\n\t\t\t\t\t\t\t\t\t<p>V nede\u013eu 22. okt\u00f3bra 2023 je misijn\u00e1 nede\u013ea. Modlitbou a obetou spolupracujeme s Duchom Sv\u00e4t\u00fdm na diele \u0161\u00edrenia viery.\u00a0<\/p><p>V\u00a0misijn\u00fa nede\u013eu sa kon\u00e1 zbierka, ktorou veriaci prispievaj\u00fa do svetov\u00e9ho fondu solidarity, z\u00a0ktor\u00e9ho s\u00fa cez P\u00e1pe\u017esk\u00e9 misijn\u00e9 dielo \u0161\u00edrenia viery systematicky podporovan\u00e9 misijn\u00e9 aktivity v\u00a0chudobn\u00fdch diec\u00e9zach.<\/p><p>Modlitbou a\u00a0konkr\u00e9tnou pomocou, ako to zd\u00f4raz\u0148uje p\u00e1pe\u017e Franti\u0161ek, sa st\u00e1vame spolo\u010denstvom mision\u00e1rov, ktor\u00fdch stravuje horlivos\u0165 prin\u00e1\u0161a\u0165 v\u0161etk\u00fdm pote\u0161uj\u00face Je\u017ei\u0161ovo slovo a\u00a0jeho milos\u0165.\u00a0<\/p>\t\t\t\t\t\t\t\t<\/div>\n\t\t\t\t<\/div>\n\t\t\t\t\t<\/div>\n\t\t<\/div>\n\t\t\t\t\t<\/div>\n\t\t<\/section>\n\t\t\t\t<section class=\"elementor-section elementor-top-section elementor-element elementor-element-3c8da90 elementor-section-boxed elementor-section-height-default elementor-section-height-default\" data-id=\"3c8da90\" data-element_type=\"section\">\n\t\t\t\t\t\t<div class=\"elementor-container elementor-column-gap-default\">\n\t\t\t\t\t<div class=\"elementor-column elementor-col-100 elementor-top-column elementor-element elementor-element-bf4bcae\" data-id=\"bf4bcae\" data-element_type=\"column\">\n\t\t\t<div class=\"elementor-widget-wrap elementor-element-populated\">\n\t\t\t\t\t\t<div class=\"elementor-element elementor-element-2ed0fb5 elementor-widget elementor-widget-text-editor\" data-id=\"2ed0fb5\" data-element_type=\"widget\" data-widget_type=\"text-editor.default\">\n\t\t\t\t<div class=\"elementor-widget-container\">\n\t\t\t\t\t\t\t\t\t<p><strong>Posolstvo Sv\u00e4t\u00e9ho Otca Franti\u0161ka na 98. svetov\u00fd de\u0148 misi\u00ed 2024<br \/><br \/><br \/>20. okt\u00f3ber 2024<\/strong><br \/><br \/><br \/><em>Cho\u010fte a pozvite v\u0161etk\u00fdch na hostinu (porov. Mt 22, 9)<\/em><br \/>\u00a0<\/p><div>Drah\u00ed bratia a\u00a0sestry!<br \/><br \/>Na tohoro\u010dn\u00fd Svetov\u00fd de\u0148 misi\u00ed som vybral t\u00e9mu z evanjeliov\u00e9ho podobenstva o svadobnej hostine (porov. Mt 22, 1 \u2013 14). Potom, ako hostia odmietli pozvanie, hlavn\u00fd hrdina pr\u00edbehu, kr\u00e1\u013e, hovor\u00ed svojim sluhom: \u201eCho\u010fte preto na r\u00e1zcestia a v\u0161etk\u00fdch, \u010do n\u00e1jdete, zavolajte na svadbu\u201c (v. 9). Ke\u010f sa zamysl\u00edme nad touto \u2013 v\u00a0kontexte uveden\u00e9ho podobenstva a Je\u017ei\u0161ovho \u017eivota \u2013 k\u013e\u00fa\u010dovou vetou, m\u00f4\u017eeme bli\u017e\u0161ie osvetli\u0165 niektor\u00e9 d\u00f4le\u017eit\u00e9 aspekty evanjeliz\u00e1cie. Pre n\u00e1s v\u0161etk\u00fdch, ktor\u00ed sme Kristov\u00fdmi mision\u00e1rskymi u\u010den\u00edkmi, sa toti\u017e ukazuj\u00fa ako mimoriadne aktu\u00e1lne v tejto z\u00e1vere\u010dnej f\u00e1ze synod\u00e1lnej cesty, ktor\u00e1 m\u00e1 v s\u00falade s mottom \u201espolo\u010denstvo, spolu\u00fa\u010das\u0165, misia\u201c znovu nasmerova\u0165 Cirkev na jej hlavn\u00fa \u00falohu, ktorou je ohlasovanie evanjelia v s\u00fa\u010dasnom svete.<br \/><br \/><em>1. \u201eCho\u010fte a pozvite!\u201c Misia ako ne\u00fanavn\u00e9 chodenie a poz\u00fdvanie na P\u00e1novu hostinu<\/em><br \/><br \/>V kr\u00e1\u013eovom pr\u00edkaze slu\u017eobn\u00edkom sa nach\u00e1dzaj\u00fa dve sloves\u00e1, ktor\u00e9 vyjadruj\u00fa jadro misie: \u201echo\u010fte\u201c a \u201ezavolajte\u201c vo v\u00fdzname \u201epozvite\u201c.<br \/><br \/>Pokia\u013e ide o prv\u00e9 z nich, treba pripomen\u00fa\u0165, \u017ee sluhovia boli u\u017e prv poslan\u00ed, aby hos\u0165om odovzdali kr\u00e1\u013eov odkaz (porov. v. 3 \u2013 4). To n\u00e1m hovor\u00ed, \u017ee misia spo\u010d\u00edva v ne\u00fanavnom vych\u00e1dzan\u00ed ku v\u0161etk\u00fdm \u013eu\u010fom a\u00a0ich poz\u00fdvan\u00ed na stretnutie s Bohom a do spolo\u010denstva s n\u00edm. Ne\u00fanavnom! Boh, ve\u013ek\u00fd v l\u00e1ske a bohat\u00fd na milosrdenst3vo, neust\u00e1le vych\u00e1dza ku ka\u017ed\u00e9mu \u010dloveku, aby ho pozval k\u00a0bla\u017eenosti vo svojom kr\u00e1\u013eovstve, napriek \u013eudskej \u013eahostajnosti \u010di odmietnutiu. Aj Je\u017ei\u0161 Kristus, Dobr\u00fd pastier a\u00a0Otcov vyslanec, vy\u0161iel h\u013eada\u0165 straten\u00e9 ovce z izraelsk\u00e9ho \u013eudu a t\u00fa\u017eil vych\u00e1dza\u0165 aj na\u010falej a dosiahnu\u0165 i tie najvzdialenej\u0161ie (porov. Jn 10, 16). Preto pred i\u00a0po svojom zm\u0155tvychvstan\u00ed povedal svojim u\u010den\u00edkom \u2013 \u201echo\u010fte!\u201c \u2013 a\u00a0zapojil ich tak do svojho vlastn\u00e9ho poslania (porov. Lk 10, 3; Mk 16, 15). Cirkev, vern\u00e1 poslaniu prijat\u00e9mu od P\u00e1na, bude teda \u010falej prekra\u010dova\u0165 v\u0161etky hranice, aby sa zaka\u017ed\u00fdm znova vyd\u00e1vala na cestu, ne\u00fanavne a\u00a0nestratiac odvahu zo\u010di-vo\u010di \u0165a\u017ekostiam a\u00a0prek\u00e1\u017ekam.<br \/><br \/>Pri tejto pr\u00edle\u017eitosti chcem po\u010fakova\u0165 v\u0161etk\u00fdm mision\u00e1rom, ktor\u00ed odpovedali na Kristovo volanie a opustili v\u0161etko, aby sa vydali \u010faleko od svojho domova a priniesli dobr\u00fa zves\u0165 na miesta, kde ju \u013eudia e\u0161te neprijali alebo prijali len ned\u00e1vno. Drah\u00ed priatelia, va\u0161a ve\u013ekorys\u00e1 obetavos\u0165 je hmatate\u013en\u00fdm vyjadren\u00edm v\u00e1\u0161ho z\u00e1v\u00e4zku k misii ad gentes, ktor\u00fa Je\u017ei\u0161 zveril svojim u\u010den\u00edkom: \u201eCho\u010fte a u\u010dte v\u0161etky n\u00e1rody\u201c (Mt 28, 19). Preto sa na\u010falej modl\u00edme a \u010fakujeme Bohu za nov\u00e9 a mnoh\u00e9 mision\u00e1rske povolania pre dielo evanjeliz\u00e1cie a\u017e po sam\u00fd kraj zeme.<br \/><br \/>Nezab\u00fadajme v\u0161ak, \u017ee ka\u017ed\u00fd kres\u0165an je povolan\u00fd podie\u013ea\u0165 sa na tejto univerz\u00e1lnej misii a\u00a0sved\u010di\u0165 o\u00a0evanjeliu v ka\u017edom prostred\u00ed, aby mohla cel\u00e1 Cirkev neust\u00e1le vych\u00e1dza\u0165 so svoj\u00edm P\u00e1nom a U\u010dite\u013eom na \u201ekri\u017eovatky ciest\u201c dne\u0161n\u00e9ho sveta. \u00c1no, \u201edne\u0161n\u00e1 dr\u00e1ma Cirkvi spo\u010d\u00edva v tom, \u017ee Je\u017ei\u0161 neust\u00e1le klope na dvere, ale zvn\u00fatra, aby sme ho pustili von! Mnohokr\u00e1t skon\u010d\u00edme ako Cirkev [&#8230;], ktor\u00e1 nep\u00fa\u0161\u0165a P\u00e1na von, ale dr\u017e\u00ed ho ako ,svoje vlastn\u00edctvo\u02bb, zatia\u013e \u010do P\u00e1n pri\u0161iel, aby plnil svoju misiu a chce, aby sme aj my boli mision\u00e1rmi\u201c (Pr\u00edhovor \u00fa\u010dastn\u00edkom konferencie organizovanej Dikast\u00e9riom pre laikov, rodinu a \u017eivot, 18. febru\u00e1ra 2023). Kie\u017e by sme my v\u0161etci pokrsten\u00ed boli pripraven\u00ed znovu vych\u00e1dza\u0165, ka\u017ed\u00fd pod\u013ea svojho \u017eivotn\u00e9ho stavu, a\u00a0rozbehli tak nov\u00e9 misijn\u00e9 hnutie, ako to bolo v za\u010diatkoch kres\u0165anstva!<br \/><br \/>Ak sa vr\u00e1time ku kr\u00e1\u013eovmu pr\u00edkazu sluhom v podobenstve, ich odchod je spojen\u00fd s\u00a0t\u00fdm, \u017ee maj\u00fa vola\u0165 alebo presnej\u0161ie poz\u00fdva\u0165: \u201ePo\u010fte na svadbu!\u201c (Mt 22, 4). To nazna\u010duje \u010fal\u0161\u00ed, nemenej d\u00f4le\u017eit\u00fd aspekt poslania, ktor\u00e9 n\u00e1m Boh zveril. Mo\u017eno si predstavi\u0165, \u017ee t\u00edto slu\u017eobn\u00edci odovzdali panovn\u00edkovo pozvanie ako poslovia s naliehavos\u0165ou, ale aj s ve\u013ekou \u00factou a l\u00e1skavos\u0165ou. Podobne aj poslanie prin\u00e1\u0161a\u0165 evanjelium ka\u017ed\u00e9mu stvoreniu mus\u00ed ma\u0165 nutne rovnak\u00fd \u0161t\u00fdl ako m\u00e1 ten, ktor\u00fd sa ohlasuje. Ke\u010f mision\u00e1rski u\u010den\u00edci ohlasuj\u00fa svetu \u201en\u00e1dheru sp\u00e1sonosnej Bo\u017eej l\u00e1sky, ktor\u00e1 sa prejavila v ukri\u017eovanom a vzkriesenom Je\u017ei\u0161ovi Kristovi\u201c (apo\u0161tolsk\u00e1 exhort\u00e1cia Evangelii gaudium, 36), robia tak s rados\u0165ou, ve\u013ekodu\u0161nos\u0165ou a l\u00e1skavos\u0165ou, ktor\u00e9 s\u00fa ovoc\u00edm Ducha Sv\u00e4t\u00e9ho v nich (porov. Gal 5, 22); bez n\u00e1tlaku, donucovania, prozelytizmu; v\u017edy s bl\u00edzkos\u0165ou, s\u00facitom a ne\u017enos\u0165ou, odr\u00e1\u017eaj\u00fac tak Bo\u017e\u00ed sp\u00f4sob bytia a konania.<br \/><br \/><em>2. Na hostine. Eschatologick\u00e1 a eucharistick\u00e1 perspekt\u00edva poslania Krista a Cirkvi<\/em><br \/><br \/>V\u00a0spom\u00ednanom podobenstve kr\u00e1\u013e \u017eiada sluhov, aby odovzdali pozvanie na svadobn\u00fa hostinu jeho syna. V\u00a0tejto hostine sa odzrkad\u013euje eschatologick\u00e1 hostina, ide o obraz definit\u00edvnej sp\u00e1sy v Bo\u017eom kr\u00e1\u013eovstve, ktor\u00e9 sa uskuto\u010d\u0148uje u\u017e od pr\u00edchodu Je\u017ei\u0161a, Mesi\u00e1\u0161a a Bo\u017eieho Syna, ktor\u00fd n\u00e1m daroval \u017eivot v hojnosti (porov. Jn 10, 10). T\u00e1to hojnos\u0165, ke\u010f Boh \u201ezni\u010d\u00ed smr\u0165 nav\u017edy\u201c (Iz 25, 6 \u2013 8), je symbolizovan\u00e1 bohato prestret\u00fdm stolom \u201es najjemnej\u0161\u00edm v\u00ednom\u201c.<br \/><br \/>Kristova misia n\u00e1s vov\u00e1dza do plnosti \u010dasu, ako to povedal na za\u010diatku svojho ohlasovania: \u201eNaplnil sa \u010das a pribl\u00ed\u017eilo sa Bo\u017eie kr\u00e1\u013eovstvo\u201c (Mk 1, 15). Kristovi u\u010den\u00edci s\u00fa teda povolan\u00ed pokra\u010dova\u0165 pr\u00e1ve v tomto poslan\u00ed svojho U\u010dite\u013ea a P\u00e1na. Pripome\u0148me si v tejto s\u00favislosti u\u010denie Druh\u00e9ho vatik\u00e1nskeho koncilu o eschatologickom charaktere misijn\u00e9ho z\u00e1v\u00e4zku Cirkvi: \u201eMisijn\u00e1 \u010dinnos\u0165 sa teda odohr\u00e1va medzi prv\u00fdm a druh\u00fdm P\u00e1nov\u00fdm pr\u00edchodom [&#8230;]. Lebo prv ne\u017e pr\u00edde P\u00e1n, evanjelium sa mus\u00ed ohlasova\u0165 v\u0161etk\u00fdm n\u00e1rodom\u201c (dekr\u00e9t Ad gentes, 9).<br \/><br \/>Vieme, \u017ee mision\u00e1rska horlivos\u0165 prv\u00fdch kres\u0165anov mala siln\u00fd eschatologick\u00fd rozmer. C\u00edtili naliehavos\u0165 ohlasovania evanjelia. Aj dnes je d\u00f4le\u017eit\u00e9 ma\u0165 na pam\u00e4ti t\u00fato perspekt\u00edvu, preto\u017ee n\u00e1m pom\u00e1ha evanjelizova\u0165 s rados\u0165ou t\u00fdch, \u010do vedia, \u017ee \u201eP\u00e1n je bl\u00edzko\u201c, a s n\u00e1dejou t\u00fdch, \u010do smeruj\u00fa k cie\u013eu, kde budeme v\u0161etci spolu s Kristom na jeho svadobnej hostine v Bo\u017eom kr\u00e1\u013eovstve. Pok\u00fdm teda svet pon\u00faka r\u00f4zne \u201ehostiny\u201c konzumizmu, sebeck\u00e9ho komfortu, hromadenia bohatstva \u010di individualizmu, evanjelium poz\u00fdva v\u0161etk\u00fdch na bo\u017esk\u00fa hostinu, kde vl\u00e1dne rados\u0165, zdie\u013eanie, spravodlivos\u0165 a bratstvo v spolo\u010denstve s Bohom a s druh\u00fdmi.<br \/><br \/>T\u00fato plnos\u0165 \u017eivota, ktor\u00e1 je Kristov\u00fdm darom, u\u017e teraz vopred zak\u00fa\u0161ame v\u00a0eucharistickej hostine, ktor\u00fa Cirkev sl\u00e1vi na P\u00e1nov pr\u00edkaz na jeho pamiatku. A tak pozvanie na eschatologick\u00fa hostinu, ktor\u00e9 prin\u00e1\u0161ame v r\u00e1mci evanjeliza\u010dnej misie ka\u017ed\u00e9mu, je neoddelite\u013ene spojen\u00e9 s pozvan\u00edm k eucharistick\u00e9mu stolu, pri ktorom n\u00e1s P\u00e1n s\u00fdti svoj\u00edm slovom a svoj\u00edm telom a krvou. Ako u\u010dil Benedikt XVI., \u201ev ka\u017edom eucharistickom sl\u00e1ven\u00ed sa sviatostne uskuto\u010d\u0148uje eschatologick\u00e9 zhroma\u017e\u010fovanie sa Bo\u017eieho \u013eudu. Eucharistick\u00e1 hostina je pre n\u00e1s re\u00e1lnou anticip\u00e1ciou z\u00e1vere\u010dnej hostiny, ktor\u00fa predpovedali proroci (porov. Iz 25, 6 \u2013 9) a ktor\u00e1 je v Novom z\u00e1kone op\u00edsan\u00e1 ako ,Bar\u00e1nkova svadba\u02bb (Zjv 19, 7. 9), ktor\u00e1 sa bude sl\u00e1vi\u0165 v radosti spolo\u010denstva sv\u00e4t\u00fdch\u201c (posynod\u00e1lna apo\u0161tolsk\u00e1 exhort\u00e1cia Sacramentum caritatis, 31).<br \/><br \/>Preto sme v\u0161etci povolan\u00ed intenz\u00edvnej\u0161ie pre\u017e\u00edva\u0165 ka\u017ed\u00fa sv\u00e4t\u00fa om\u0161u vo v\u0161etk\u00fdch jej rozmeroch, najm\u00e4 v eschatologickom a misijnom. V tejto s\u00favislosti op\u00e4\u0165 pripom\u00ednam, \u017ee \u201enem\u00f4\u017eeme prist\u00fapi\u0165 k eucharistick\u00e9mu stolu bez toho, aby sme sa nechali pohlti\u0165 misijn\u00fdm dynamizmom, ktor\u00fd berie podnet zo samotn\u00e9ho Bo\u017eieho Srdca a t\u00fa\u017ei dosiahnu\u0165 v\u0161etk\u00fdch \u013eud\u00ed\u201c (tam\u017ee, 84). Eucharistick\u00e1 obnova, ktor\u00fa mnoh\u00e9 miestne cirkvi v obdob\u00ed po covide chv\u00e1lyhodne podporuj\u00fa, bude ma\u0165 z\u00e1sadn\u00fd v\u00fdznam aj pre prebudenie mision\u00e1rskeho ducha v ka\u017edom veriacom. S ove\u013ea v\u00e4\u010d\u0161ou vierou a horlivos\u0165ou srdca by sme mali pri ka\u017edej om\u0161i zvola\u0165: \u201eSmr\u0165 tvoju, Pane, zvestujeme a tvoje zm\u0155tvychvstanie vyzn\u00e1vame, k\u00fdm nepr\u00edde\u0161 v sl\u00e1ve!\u201c<br \/>Z\u00a0tohto poh\u013eadu by som chcel v roku venovanom modlitbe \u2013 v r\u00e1mci pr\u00edpravy na jubileum 2025 \u2013 pozva\u0165 v\u0161etk\u00fdch, aby predov\u0161etk\u00fdm zintenz\u00edvnili svoju \u00fa\u010das\u0165 na sv\u00e4tej om\u0161i a\u00a0na modlitbe za evanjeliza\u010dn\u00e9 poslanie Cirkvi. Cirkev, poslu\u0161n\u00e1 Spasite\u013eovmu slovu, nikdy neprest\u00e1va vz\u00fdva\u0165 Boha pri ka\u017edom eucharistickom a liturgickom sl\u00e1ven\u00ed modlitbou Ot\u010de n\u00e1\u0161 a prosbou \u201epr\u00ed\u010f kr\u00e1\u013eovstvo tvoje\u201c. A tak ka\u017edodenn\u00e1 modlitba a najm\u00e4 sl\u00e1venie Eucharistie z n\u00e1s robia p\u00fatnikov \u2013 mision\u00e1rov n\u00e1deje na ceste k ve\u010dn\u00e9mu \u017eivotu v Bohu, na svadobn\u00fa hostinu, ktor\u00fa Boh pripravil pre v\u0161etky svoje deti.<br \/><br \/><em>3. \u201eV\u0161etci.\u201c Univerz\u00e1lne poslanie Kristov\u00fdch u\u010den\u00edkov a synod\u00e1lna Cirkev, cel\u00e1 misijn\u00e1<\/em><br \/><br \/>Tretia a posledn\u00e1 \u00favaha sa t\u00fdka adres\u00e1tov kr\u00e1\u013eovho pozvania, teda \u201ev\u0161etk\u00fdch\u201c. Ako som zd\u00f4raznil, pr\u00e1ve \u201eto je jadrom misie: t\u00edto ,v\u0161etci\u02bb. Bez toho, aby sme niekoho vyl\u00fa\u010dili. V\u0161etci. Ka\u017ed\u00e1 na\u0161a misia teda vyviera z\u00a0Kristovho Srdca, aby mohol k sebe pritiahnu\u0165 v\u0161etk\u00fdch\u201c (Pr\u00edhovor k \u00fa\u010dastn\u00edkom gener\u00e1lneho zhroma\u017edenia p\u00e1pe\u017esk\u00fdch misijn\u00fdch diel, 3. j\u00fana 2023). Aj dnes je vo svete zmietanom rozdeleniami a konfliktmi Kristovo evanjelium t\u00fdm ne\u017en\u00fdm a z\u00e1rove\u0148 siln\u00fdm hlasom, ktor\u00fd vyz\u00fdva \u013eud\u00ed, aby sa stretli a navz\u00e1jom uznali, \u017ee s\u00fa bratmi a sestrami, a aby sa te\u0161ili z harm\u00f3nie tvorenej ich rozdielnos\u0165ou. Boh chce, aby \u201eboli v\u0161etci \u013eudia spasen\u00ed a poznali pravdu\u201c (1 Tim 2, 4). Preto pri svojej misijnej \u010dinnosti nikdy nezab\u00fadajme, \u017ee sme poslan\u00ed ohlasova\u0165 evanjelium v\u0161etk\u00fdm, \u201enie v\u0161ak ako t\u00ed, ktor\u00ed n\u00fatia dodr\u017eiava\u0165 nov\u00e9 povinnosti, ale ako t\u00ed, ktor\u00ed spolo\u010dne pre\u017e\u00edvaj\u00fa rados\u0165, poukazuj\u00fa na nov\u00fd, kr\u00e1sny horizont a pon\u00fakaj\u00fa v\u00fdborn\u00fa hostinu\u201c (apo\u0161tolsk\u00e1 exhort\u00e1cia Evangelii gaudium, 14).<br \/>Kristovi mision\u00e1rski u\u010den\u00edci maj\u00fa v\u017edy v srdci z\u00e1ujem o v\u0161etk\u00fdch \u013eud\u00ed, bez oh\u013eadu na ich soci\u00e1lny \u010di dokonca mor\u00e1lny stav. Podobenstvo o hostine n\u00e1m hovor\u00ed, \u017ee na kr\u00e1\u013eovo odpor\u00fa\u010danie slu\u017eobn\u00edci zhroma\u017edili \u201ev\u0161etk\u00fdch, ktor\u00fdch na\u0161li, zl\u00fdch aj dobr\u00fdch\u201c (Mt 22, 10). Navy\u0161e pr\u00e1ve \u201echudobn\u00ed, mrz\u00e1ci, slep\u00ed a chrom\u00ed\u201c (porov. Lk 14, 21), teda t\u00ed posledn\u00ed na okraji spolo\u010dnosti, s\u00fa kr\u00e1\u013eov\u00fdmi osobitn\u00fdmi hos\u0165ami. Svadobn\u00e1 hostina Syna, ktor\u00fa Boh pripravil, tak zost\u00e1va nav\u017edy otvoren\u00e1 pre v\u0161etk\u00fdch, preto\u017ee jeho l\u00e1ska ku ka\u017ed\u00e9mu z\u00a0n\u00e1s je ve\u013ek\u00e1 a bezpodmiene\u010dn\u00e1. \u201eVe\u010f Boh tak miloval svet, \u017ee dal svojho jedin\u00e9ho Syna, aby nezahynul nik, kto v neho ver\u00ed, ale aby mal ve\u010dn\u00fd \u017eivot\u201c (Jn 3, 16). Ka\u017ed\u00fd \u010dlovek, ka\u017ed\u00fd mu\u017e a ka\u017ed\u00e1 \u017eena, je adres\u00e1tom Bo\u017eieho pozvania k \u00fa\u010dasti na jeho premie\u0148aj\u00facej a zachra\u0148uj\u00facej milosti. Sta\u010d\u00ed poveda\u0165 tomuto bezplatn\u00e9mu Bo\u017eiemu daru \u201e\u00e1no\u201c, prija\u0165 ho a da\u0165 sa n\u00edm premeni\u0165, obliec\u0165 sa do neho ako do \u201esvadobn\u00e9ho r\u00facha\u201c (porov. Mt 22, 12).<br \/><br \/>Misia pre v\u0161etk\u00fdch si vy\u017eaduje anga\u017eovanos\u0165 v\u0161etk\u00fdch. Preto je potrebn\u00e9 pokra\u010dova\u0165 na ceste k synod\u00e1lnej Cirkvi, ktor\u00e1 je v slu\u017ebe evanjeliu cel\u00e1 misijn\u00e1. Synodalita je sama osebe misijn\u00e1 a naopak, misia je v\u017edy synod\u00e1lna. Preto je dnes v univerz\u00e1lnej Cirkvi, rovnako ako v partikul\u00e1rnych cirkv\u00e1ch \u00fazka misijn\u00e1 spolupr\u00e1ca e\u0161te naliehavej\u0161ia a potrebnej\u0161ia. V nadv\u00e4znosti na Druh\u00fd vatik\u00e1nsky koncil a na svojich predchodcov odpor\u00fa\u010dam v\u0161etk\u00fdm diec\u00e9zam sveta slu\u017ebu P\u00e1pe\u017esk\u00fdch misijn\u00fdch diel, ktor\u00e9 predstavuj\u00fa hlavn\u00fd prostriedok, ako \u201evzbudi\u0165 v katol\u00edkoch u\u017e od detstva naozaj univerz\u00e1lneho a mision\u00e1rskeho ducha, a organizova\u0165 \u00fa\u010dinn\u00e9 zbierky na pomoc v\u0161etk\u00fdm misi\u00e1m, pod\u013ea potrieb ka\u017edej z nich\u201c (dekr\u00e9t Ad gentes, 38). Z tohto d\u00f4vodu s\u00fa zbierky na Svetov\u00fd de\u0148 misi\u00ed vo v\u0161etk\u00fdch miestnych cirkv\u00e1ch v plnej v\u00fd\u0161ke ur\u010den\u00e9 pre Univerz\u00e1lny fond solidarity, ktor\u00fd potom v mene p\u00e1pe\u017ea rozde\u013euje P\u00e1pe\u017esk\u00e9 dielo \u0161\u00edrenia viery pre potreby v\u0161etk\u00fdch misi\u00ed 8.r.Cirkvi. Modlime sa k P\u00e1novi, aby n\u00e1s viedol a pom\u00e1hal n\u00e1m sta\u0165 sa synod\u00e1lnej\u0161ou a mision\u00e1rskej\u0161ou Cirkvou (porov. Hom\u00edlia pri z\u00e1vere\u010dnej sv\u00e4tej om\u0161i riadneho v\u0161eobecn\u00e9ho zhroma\u017edenia Synody biskupov, 29. okt\u00f3bra 2023).<br \/><br \/>Nakoniec obr\u00e1\u0165me svoj poh\u013ead na M\u00e1riu, ktor\u00e1 vyprosila od Je\u017ei\u0161a prv\u00fd z\u00e1zrak pr\u00e1ve na svadobnej hostine v K\u00e1ne Galilejskej (porov. Jn 2, 1 \u2013 12). P\u00e1n pon\u00fakol neveste, \u017een\u00edchovi a v\u0161etk\u00fdm hos\u0165om hojnos\u0165 mlad\u00e9ho v\u00edna, ktor\u00e9 bolo v\u00a0anticip\u00e1cii znakom svadobnej hostiny, ktor\u00fa Boh priprav\u00ed na konci \u010dias pre v\u0161etk\u00fdch. Aj dnes ju prosme o materinsk\u00fd pr\u00edhovor za evanjeliza\u010dn\u00e9 poslanie Kristov\u00fdch u\u010den\u00edkov. Po\u010fme teda s rados\u0165ou a starostlivos\u0165ou na\u0161ej Matky, so silou ne\u017enosti a l\u00e1sky (porov. Evangelii gaudium, 288) a zanesme pozvanie Kr\u00e1\u013ea a Spasite\u013ea v\u0161etk\u00fdm. Sv\u00e4t\u00e1 Panna M\u00e1ria, Hviezda evanjeliz\u00e1cie, oroduj za n\u00e1s!<br \/><br \/>V\u00a0R\u00edme pri sv. J\u00e1novi v\u00a0Later\u00e1ne\u00a0 25. janu\u00e1ra 2024, na sviatok Obr\u00e1tenia sv. Pavla<\/div><p><br \/>Franti\u0161ek<\/p>\t\t\t\t\t\t\t\t<\/div>\n\t\t\t\t<\/div>\n\t\t\t\t\t<\/div>\n\t\t<\/div>\n\t\t\t\t\t<\/div>\n\t\t<\/section>\n\t\t\t\t<\/div>\n\t\t","protected":false},"excerpt":{"rendered":"<p>V nede\u013eu 22. okt\u00f3bra 2023 je misijn\u00e1 nede\u013ea. Modlitbou a obetou spolupracujeme s Duchom Sv\u00e4t\u00fdm na diele \u0161\u00edrenia viery.\u00a0 V\u00a0misijn\u00fa nede\u013eu sa kon\u00e1 zbierka, ktorou veriaci prispievaj\u00fa do svetov\u00e9ho fondu solidarity, z\u00a0ktor\u00e9ho s\u00fa cez P\u00e1pe\u017esk\u00e9 misijn\u00e9 dielo \u0161\u00edrenia viery systematicky<\/p>\n","protected":false},"author":3,"featured_media":0,"comment_status":"closed","ping_status":"closed","sticky":false,"template":"","format":"standard","meta":{"_monsterinsights_skip_tracking":false,"_monsterinsights_sitenote_active":false,"_monsterinsights_sitenote_note":"","_monsterinsights_sitenote_category":0,"footnotes":""},"categories":[1],"tags":[],"class_list":["post-4437","post","type-post","status-publish","format-standard","hentry","category-nezaradene"],"_links":{"self":[{"href":"https:\/\/farnostlipany.sk\/index.php?rest_route=\/wp\/v2\/posts\/4437","targetHints":{"allow":["GET"]}}],"collection":[{"href":"https:\/\/farnostlipany.sk\/index.php?rest_route=\/wp\/v2\/posts"}],"about":[{"href":"https:\/\/farnostlipany.sk\/index.php?rest_route=\/wp\/v2\/types\/post"}],"author":[{"embeddable":true,"href":"https:\/\/farnostlipany.sk\/index.php?rest_route=\/wp\/v2\/users\/3"}],"replies":[{"embeddable":true,"href":"https:\/\/farnostlipany.sk\/index.php?rest_route=%2Fwp%2Fv2%2Fcomments&post=4437"}],"version-history":[{"count":6,"href":"https:\/\/farnostlipany.sk\/index.php?rest_route=\/wp\/v2\/posts\/4437\/revisions"}],"predecessor-version":[{"id":11456,"href":"https:\/\/farnostlipany.sk\/index.php?rest_route=\/wp\/v2\/posts\/4437\/revisions\/11456"}],"wp:attachment":[{"href":"https:\/\/farnostlipany.sk\/index.php?rest_route=%2Fwp%2Fv2%2Fmedia&parent=4437"}],"wp:term":[{"taxonomy":"category","embeddable":true,"href":"https:\/\/farnostlipany.sk\/index.php?rest_route=%2Fwp%2Fv2%2Fcategories&post=4437"},{"taxonomy":"post_tag","embeddable":true,"href":"https:\/\/farnostlipany.sk\/index.php?rest_route=%2Fwp%2Fv2%2Ftags&post=4437"}],"curies":[{"name":"wp","href":"https:\/\/api.w.org\/{rel}","templated":true}]}}