{"id":4634,"date":"2024-11-02T06:24:00","date_gmt":"2024-11-02T05:24:00","guid":{"rendered":"https:\/\/farnostlipany.sk\/?p=4634"},"modified":"2024-11-02T20:54:39","modified_gmt":"2024-11-02T19:54:39","slug":"vyrocie-posviacky-lateranskej-baziliky-9-november","status":"publish","type":"post","link":"https:\/\/farnostlipany.sk\/?p=4634","title":{"rendered":"V\u00fdro\u010die posviacky Later\u00e1nskej baziliky &#8211; 9. november"},"content":{"rendered":"\t\t<div data-elementor-type=\"wp-post\" data-elementor-id=\"4634\" class=\"elementor elementor-4634\">\n\t\t\t\t\t\t<section class=\"elementor-section elementor-top-section elementor-element elementor-element-afe3db0 elementor-section-boxed elementor-section-height-default elementor-section-height-default\" data-id=\"afe3db0\" data-element_type=\"section\">\n\t\t\t\t\t\t<div class=\"elementor-container elementor-column-gap-default\">\n\t\t\t\t\t<div class=\"elementor-column elementor-col-100 elementor-top-column elementor-element elementor-element-90a52e0\" data-id=\"90a52e0\" data-element_type=\"column\">\n\t\t\t<div class=\"elementor-widget-wrap elementor-element-populated\">\n\t\t\t\t\t\t<div class=\"elementor-element elementor-element-9d39054 elementor-widget elementor-widget-text-editor\" data-id=\"9d39054\" data-element_type=\"widget\" data-widget_type=\"text-editor.default\">\n\t\t\t\t<div class=\"elementor-widget-container\">\n\t\t\t\t\t\t\t\t\t<h4>Od poludnia 8. do polnoci 9. novembra m\u00f4\u017ee za zvy\u010dajn\u00fdch podmienok z\u00edska\u0165 \u00fapln\u00e9 odpustky veriaci, ktor\u00fd n\u00e1bo\u017ene nav\u0161t\u00edvy katedr\u00e1lny chr\u00e1m a tam sa pomodl\u00ed\u00a0<em>Ot\u010de n\u00e1\u0161\u00a0<\/em>a\u00a0<em>Ver\u00edm v Boha<\/em>.<\/h4>\t\t\t\t\t\t\t\t<\/div>\n\t\t\t\t<\/div>\n\t\t\t\t\t<\/div>\n\t\t<\/div>\n\t\t\t\t\t<\/div>\n\t\t<\/section>\n\t\t\t\t<section class=\"elementor-section elementor-top-section elementor-element elementor-element-2b1ebbf elementor-section-boxed elementor-section-height-default elementor-section-height-default\" data-id=\"2b1ebbf\" data-element_type=\"section\">\n\t\t\t\t\t\t<div class=\"elementor-container elementor-column-gap-default\">\n\t\t\t\t\t<div class=\"elementor-column elementor-col-33 elementor-top-column elementor-element elementor-element-169c6ae\" data-id=\"169c6ae\" data-element_type=\"column\">\n\t\t\t<div class=\"elementor-widget-wrap elementor-element-populated\">\n\t\t\t\t\t\t<div class=\"elementor-element elementor-element-334ea2d elementor-widget elementor-widget-image\" data-id=\"334ea2d\" data-element_type=\"widget\" data-widget_type=\"image.default\">\n\t\t\t\t<div class=\"elementor-widget-container\">\n\t\t\t\t\t\t\t\t\t\t\t\t\t\t\t<img fetchpriority=\"high\" decoding=\"async\" width=\"1000\" height=\"906\" src=\"https:\/\/farnostlipany.sk\/wp-content\/uploads\/2020\/11\/Archbasilica_of_St._John_Lateran_HD.jpg\" class=\"attachment-large size-large wp-image-4635\" alt=\"\" srcset=\"https:\/\/farnostlipany.sk\/wp-content\/uploads\/2020\/11\/Archbasilica_of_St._John_Lateran_HD.jpg 1024w, https:\/\/farnostlipany.sk\/wp-content\/uploads\/2020\/11\/Archbasilica_of_St._John_Lateran_HD-300x272.jpg 300w, https:\/\/farnostlipany.sk\/wp-content\/uploads\/2020\/11\/Archbasilica_of_St._John_Lateran_HD-768x696.jpg 768w\" sizes=\"(max-width: 1000px) 100vw, 1000px\" \/>\t\t\t\t\t\t\t\t\t\t\t\t\t\t\t<\/div>\n\t\t\t\t<\/div>\n\t\t\t\t\t<\/div>\n\t\t<\/div>\n\t\t\t\t<div class=\"elementor-column elementor-col-66 elementor-top-column elementor-element elementor-element-4e48e6e\" data-id=\"4e48e6e\" data-element_type=\"column\">\n\t\t\t<div class=\"elementor-widget-wrap elementor-element-populated\">\n\t\t\t\t\t\t<div class=\"elementor-element elementor-element-17602e7 elementor-widget elementor-widget-text-editor\" data-id=\"17602e7\" data-element_type=\"widget\" data-widget_type=\"text-editor.default\">\n\t\t\t\t<div class=\"elementor-widget-container\">\n\t\t\t\t\t\t\t\t\t<p>Pod\u013ea trad\u00edcie sa v\u00a0tento de\u0148 u\u017e od 12. storo\u010dia sl\u00e1vi v\u00fdro\u010die posviacky baziliky, ktor\u00fa dal v\u00a0Later\u00e1ne postavi\u0165 cis\u00e1r Kon\u0161tant\u00edn.\u00a0T\u00e1to sl\u00e1vnos\u0165 bola najprv sviatkom mesta R\u00edma, nesk\u00f4r sa na po\u010des\u0165 baziliky zvanej \u201eMatka a hlava v\u0161etk\u00fdch kostolov mesta a sveta\u201c roz\u0161\u00edrila na cel\u00fd r\u00edmsky obrad ako znak l\u00e1sky a jednoty s\u00a0Petrovou katedrou, ktor\u00e1, ako p\u00ed\u0161e sv\u00e4t\u00fd Ign\u00e1c Antiochijsk\u00fd, \u201epredsed\u00e1 cel\u00e9mu spolo\u010denstvu l\u00e1sky\u201c.<\/p><p>Later\u00e1nsku baziliku posv\u00e4til p\u00e1pe\u017e Silvester 9. novembra roku 324. Najprv bola zasv\u00e4ten\u00e1 Najsv\u00e4tej\u0161iemu Spasite\u013eovi, nesk\u00f4r, po\u010das pontifik\u00e1tu sv\u00e4t\u00e9ho Gregora Ve\u013ek\u00e9ho, aj sv\u00e4t\u00e9mu J\u00e1novi Krstite\u013eovi a sv\u00e4t\u00e9mu J\u00e1novi Evanjelistovi. Later\u00e1nska bazilika so susedn\u00fdmi pal\u00e1cmi sl\u00fa\u017eila nieko\u013eko storo\u010d\u00ed aj ako st\u00e1le s\u00eddlo r\u00edmskeho biskupa, naposledy p\u00e1pe\u017ea Bonif\u00e1ca VIII. (Zdroj: lh.kbs.sk)<\/p><p>Virtu\u00e1lnu prehliadku je mo\u017en\u00e9 n\u00e1js\u0165 na\u00a0<strong><a href=\"https:\/\/www.vatican.va\/various\/basiliche\/san_giovanni\/vr_tour\/index-it.html\" target=\"_blank\" rel=\"noopener\">str\u00e1nke Vatik\u00e1nu<\/a><\/strong>.<\/p>\t\t\t\t\t\t\t\t<\/div>\n\t\t\t\t<\/div>\n\t\t\t\t\t<\/div>\n\t\t<\/div>\n\t\t\t\t\t<\/div>\n\t\t<\/section>\n\t\t\t\t<\/div>\n\t\t","protected":false},"excerpt":{"rendered":"<p>Od poludnia 8. do polnoci 9. novembra m\u00f4\u017ee za zvy\u010dajn\u00fdch podmienok z\u00edska\u0165 \u00fapln\u00e9 odpustky veriaci, ktor\u00fd n\u00e1bo\u017ene nav\u0161t\u00edvy katedr\u00e1lny chr\u00e1m a tam sa pomodl\u00ed\u00a0Ot\u010de n\u00e1\u0161\u00a0a\u00a0Ver\u00edm v Boha. Pod\u013ea trad\u00edcie sa v\u00a0tento de\u0148 u\u017e od 12. storo\u010dia sl\u00e1vi v\u00fdro\u010die posviacky baziliky,<\/p>\n","protected":false},"author":3,"featured_media":4635,"comment_status":"closed","ping_status":"closed","sticky":false,"template":"","format":"standard","meta":{"_monsterinsights_skip_tracking":false,"_monsterinsights_sitenote_active":false,"_monsterinsights_sitenote_note":"","_monsterinsights_sitenote_category":0,"footnotes":""},"categories":[1],"tags":[],"class_list":["post-4634","post","type-post","status-publish","format-standard","has-post-thumbnail","hentry","category-nezaradene"],"_links":{"self":[{"href":"https:\/\/farnostlipany.sk\/index.php?rest_route=\/wp\/v2\/posts\/4634","targetHints":{"allow":["GET"]}}],"collection":[{"href":"https:\/\/farnostlipany.sk\/index.php?rest_route=\/wp\/v2\/posts"}],"about":[{"href":"https:\/\/farnostlipany.sk\/index.php?rest_route=\/wp\/v2\/types\/post"}],"author":[{"embeddable":true,"href":"https:\/\/farnostlipany.sk\/index.php?rest_route=\/wp\/v2\/users\/3"}],"replies":[{"embeddable":true,"href":"https:\/\/farnostlipany.sk\/index.php?rest_route=%2Fwp%2Fv2%2Fcomments&post=4634"}],"version-history":[{"count":6,"href":"https:\/\/farnostlipany.sk\/index.php?rest_route=\/wp\/v2\/posts\/4634\/revisions"}],"predecessor-version":[{"id":10939,"href":"https:\/\/farnostlipany.sk\/index.php?rest_route=\/wp\/v2\/posts\/4634\/revisions\/10939"}],"wp:featuredmedia":[{"embeddable":true,"href":"https:\/\/farnostlipany.sk\/index.php?rest_route=\/wp\/v2\/media\/4635"}],"wp:attachment":[{"href":"https:\/\/farnostlipany.sk\/index.php?rest_route=%2Fwp%2Fv2%2Fmedia&parent=4634"}],"wp:term":[{"taxonomy":"category","embeddable":true,"href":"https:\/\/farnostlipany.sk\/index.php?rest_route=%2Fwp%2Fv2%2Fcategories&post=4634"},{"taxonomy":"post_tag","embeddable":true,"href":"https:\/\/farnostlipany.sk\/index.php?rest_route=%2Fwp%2Fv2%2Ftags&post=4634"}],"curies":[{"name":"wp","href":"https:\/\/api.w.org\/{rel}","templated":true}]}}