{"id":6609,"date":"2024-06-21T08:00:00","date_gmt":"2024-06-21T06:00:00","guid":{"rendered":"https:\/\/farnostlipany.sk\/?p=6609"},"modified":"2024-06-17T16:19:08","modified_gmt":"2024-06-17T14:19:08","slug":"koniec-skolskeho-roka-2020-2021","status":"publish","type":"post","link":"https:\/\/farnostlipany.sk\/?p=6609","title":{"rendered":"Koniec \u0161kolsk\u00e9ho roka 2023\/2024"},"content":{"rendered":"\t\t<div data-elementor-type=\"wp-post\" data-elementor-id=\"6609\" class=\"elementor elementor-6609\">\n\t\t\t\t\t\t<section class=\"elementor-section elementor-top-section elementor-element elementor-element-4b2d691 elementor-section-boxed elementor-section-height-default elementor-section-height-default\" data-id=\"4b2d691\" data-element_type=\"section\">\n\t\t\t\t\t\t<div class=\"elementor-container elementor-column-gap-default\">\n\t\t\t\t\t<div class=\"elementor-column elementor-col-100 elementor-top-column elementor-element elementor-element-73eef2d\" data-id=\"73eef2d\" data-element_type=\"column\">\n\t\t\t<div class=\"elementor-widget-wrap elementor-element-populated\">\n\t\t\t\t\t\t<div class=\"elementor-element elementor-element-3f493c0 elementor-widget elementor-widget-text-editor\" data-id=\"3f493c0\" data-element_type=\"widget\" data-widget_type=\"text-editor.default\">\n\t\t\t\t<div class=\"elementor-widget-container\">\n\t\t\t\t\t\t\t\t\t<p>V piatok<strong>&nbsp;28. j\u00fana 2024 o 8.00 hod<\/strong>.&nbsp; poz\u00fdvame v\u0161etk\u00fdch \u017eiakov, \u0161tudentov, u\u010dite\u013eov, zamestnancov \u0161k\u00f4l a rodi\u010dov do farsk\u00e9ho kostola na&nbsp;<strong>om\u0161u Te Deum<\/strong> (Teba, Bo\u017ee, chv\u00e1lime), kde po\u010fakujeme za uplynul\u00fd \u0161kolsk\u00fd rok.<\/p>\t\t\t\t\t\t\t\t<\/div>\n\t\t\t\t<\/div>\n\t\t\t\t\t<\/div>\n\t\t<\/div>\n\t\t\t\t\t<\/div>\n\t\t<\/section>\n\t\t\t\t<\/div>\n\t\t","protected":false},"excerpt":{"rendered":"<p>V piatok&nbsp;28. j\u00fana 2024 o 8.00 hod.&nbsp; poz\u00fdvame v\u0161etk\u00fdch \u017eiakov, \u0161tudentov, u\u010dite\u013eov, zamestnancov \u0161k\u00f4l a rodi\u010dov do farsk\u00e9ho kostola na&nbsp;om\u0161u Te Deum (Teba, Bo\u017ee, chv\u00e1lime), kde po\u010fakujeme za uplynul\u00fd \u0161kolsk\u00fd rok.<\/p>\n","protected":false},"author":3,"featured_media":0,"comment_status":"closed","ping_status":"closed","sticky":false,"template":"","format":"standard","meta":{"_monsterinsights_skip_tracking":false,"_monsterinsights_sitenote_active":false,"_monsterinsights_sitenote_note":"","_monsterinsights_sitenote_category":0,"footnotes":""},"categories":[1],"tags":[],"class_list":["post-6609","post","type-post","status-publish","format-standard","hentry","category-nezaradene"],"_links":{"self":[{"href":"https:\/\/farnostlipany.sk\/index.php?rest_route=\/wp\/v2\/posts\/6609","targetHints":{"allow":["GET"]}}],"collection":[{"href":"https:\/\/farnostlipany.sk\/index.php?rest_route=\/wp\/v2\/posts"}],"about":[{"href":"https:\/\/farnostlipany.sk\/index.php?rest_route=\/wp\/v2\/types\/post"}],"author":[{"embeddable":true,"href":"https:\/\/farnostlipany.sk\/index.php?rest_route=\/wp\/v2\/users\/3"}],"replies":[{"embeddable":true,"href":"https:\/\/farnostlipany.sk\/index.php?rest_route=%2Fwp%2Fv2%2Fcomments&post=6609"}],"version-history":[{"count":6,"href":"https:\/\/farnostlipany.sk\/index.php?rest_route=\/wp\/v2\/posts\/6609\/revisions"}],"predecessor-version":[{"id":11684,"href":"https:\/\/farnostlipany.sk\/index.php?rest_route=\/wp\/v2\/posts\/6609\/revisions\/11684"}],"wp:attachment":[{"href":"https:\/\/farnostlipany.sk\/index.php?rest_route=%2Fwp%2Fv2%2Fmedia&parent=6609"}],"wp:term":[{"taxonomy":"category","embeddable":true,"href":"https:\/\/farnostlipany.sk\/index.php?rest_route=%2Fwp%2Fv2%2Fcategories&post=6609"},{"taxonomy":"post_tag","embeddable":true,"href":"https:\/\/farnostlipany.sk\/index.php?rest_route=%2Fwp%2Fv2%2Ftags&post=6609"}],"curies":[{"name":"wp","href":"https:\/\/api.w.org\/{rel}","templated":true}]}}