{"id":664,"date":"2024-06-22T08:00:00","date_gmt":"2024-06-22T06:00:00","guid":{"rendered":"https:\/\/farnostlipany.sk\/?p=664"},"modified":"2024-06-17T16:16:55","modified_gmt":"2024-06-17T14:16:55","slug":"slavnost-sv-petra-a-pavla","status":"publish","type":"post","link":"https:\/\/farnostlipany.sk\/?p=664","title":{"rendered":"Sl\u00e1vnos\u0165 sv. Petra a Pavla &#8211; 29. j\u00fan"},"content":{"rendered":"\t\t<div data-elementor-type=\"wp-post\" data-elementor-id=\"664\" class=\"elementor elementor-664\">\n\t\t\t\t\t\t<section class=\"elementor-section elementor-top-section elementor-element elementor-element-92f99be elementor-section-boxed elementor-section-height-default elementor-section-height-default\" data-id=\"92f99be\" data-element_type=\"section\">\n\t\t\t\t\t\t<div class=\"elementor-container elementor-column-gap-default\">\n\t\t\t\t\t<div class=\"elementor-column elementor-col-33 elementor-top-column elementor-element elementor-element-a7197fd\" data-id=\"a7197fd\" data-element_type=\"column\">\n\t\t\t<div class=\"elementor-widget-wrap elementor-element-populated\">\n\t\t\t\t\t\t<div class=\"elementor-element elementor-element-f1eb31f elementor-widget elementor-widget-image\" data-id=\"f1eb31f\" data-element_type=\"widget\" data-widget_type=\"image.default\">\n\t\t\t\t<div class=\"elementor-widget-container\">\n\t\t\t\t\t\t\t\t\t\t\t\t\t\t\t<img fetchpriority=\"high\" decoding=\"async\" width=\"294\" height=\"479\" src=\"https:\/\/farnostlipany.sk\/wp-content\/uploads\/2019\/06\/294px-Saint_Peter_A33446.jpg\" class=\"attachment-large size-large wp-image-666\" alt=\"\" srcset=\"https:\/\/farnostlipany.sk\/wp-content\/uploads\/2019\/06\/294px-Saint_Peter_A33446.jpg 294w, https:\/\/farnostlipany.sk\/wp-content\/uploads\/2019\/06\/294px-Saint_Peter_A33446-184x300.jpg 184w\" sizes=\"(max-width: 294px) 100vw, 294px\" \/>\t\t\t\t\t\t\t\t\t\t\t\t\t\t\t<\/div>\n\t\t\t\t<\/div>\n\t\t\t\t\t<\/div>\n\t\t<\/div>\n\t\t\t\t<div class=\"elementor-column elementor-col-66 elementor-top-column elementor-element elementor-element-c075a6f\" data-id=\"c075a6f\" data-element_type=\"column\">\n\t\t\t<div class=\"elementor-widget-wrap elementor-element-populated\">\n\t\t\t\t\t\t<div class=\"elementor-element elementor-element-a13ea78 elementor-widget elementor-widget-text-editor\" data-id=\"a13ea78\" data-element_type=\"widget\" data-widget_type=\"text-editor.default\">\n\t\t\t\t<div class=\"elementor-widget-container\">\n\t\t\t\t\t\t\t\t\t<h3>Sv. Peter<\/h3><p>* okolo 1 Betsaida, pri Ad Dardarah, severn\u00e9 pobre\u017eie Galilejsk\u00e9ho jazera (dnes S\u00fdria \u2013 Golansk\u00e9 v\u00fd\u0161iny) alebo Kafarnaum, dnes ruiny tohto mesta na z\u00e1padnom brehu Galilejsk\u00e9ho jazera<br \/>\u2020 okolo 64 R\u00edm, Taliansko<\/p><p><em>V\u00fdznam mena: skala (gr.)<\/em><\/p><p><em>Atrib\u00faty: k\u013e\u00fa\u010de, lo\u010f, kniha, koh\u00fat, obr\u00e1ten\u00fd kr\u00ed\u017e<\/em><\/p><p><em>Patr\u00f3n mesta R\u00edma, Trieru; p\u00e1pe\u017eov, stavb\u00e1rov mostov, kaj\u00facnikov, m\u00e4siarov, sklen\u00e1rov, stol\u00e1rov, z\u00e1mo\u010dn\u00edkov, kov\u00e1\u010dov, zlieva\u010dov, hodin\u00e1rov, hrn\u010diarov, mur\u00e1rov, tk\u00e1\u010dov, ryb\u00e1rov, n\u00e1morn\u00edkov; pred posanutos\u0165ou, epilepsiou, besnotou, hor\u00fa\u010dkou, pred u\u0161tipnut\u00edm hadom, pred chorobami n\u00f4h, pred l\u00fape\u017eami<\/em><\/p><p>Sv. \u0160imon Peter sa narodil v Betsaide pri Tiberiadskom jazere. Jeho otec sa volal J\u00e1n (Jon\u00e1\u0161). Spolu s n\u00edm a s bratom\u00a0<a title=\"Ondrej (Andrej), apo\u0161tol\" href=\"http:\/\/www.zivotopisysvatych.sk\/ondrej-andrej-apostol\/\">Ondrejom<\/a>, tie\u017e apo\u0161tolom, boli p\u00f4vodne ryb\u00e1rmi. Bol to Ondrej, ktor\u00fd doviedol svojho brata \u0160imona k Je\u017ei\u0161ovi. Vtedy mu Je\u017ei\u0161 dal meno K\u00e9fas, po gr\u00e9cky Petros, \u010do znamen\u00e1 skala. Sv. Peter sa spomedzi apo\u0161tolov najviac spom\u00edna v evanjeli\u00e1ch. Pod\u013ea t\u00fdchto opisov si m\u00f4\u017eeme dos\u0165 presne posklada\u0165 jeho \u017eivot, ale aj povahu. Zd\u00e1 sa, \u017ee mal sangvinick\u00fd temperament.<\/p><p>Sv. Luk\u00e1\u0161 opisuje situ\u00e1ciu, ke\u010f \u0160imon na Je\u017ei\u0161ovo slovo spustil sie\u0165 do mora a chytil obrovsk\u00e9 mno\u017estvo r\u00fdb. Peter vtedy padol Je\u017ei\u0161ovi k noh\u00e1m a povedal mu: \u201ePane, od\u00ed\u010f odo m\u0148a, lebo som \u010dlovek hrie\u0161ny.\u201c Je\u017ei\u0161 mu povedal: \u201eNeboj sa, od teraz u\u017e bude\u0161 lovi\u0165 \u013eud\u00ed.\u201c Odvtedy Peter chodil s Je\u017ei\u0161om, po\u010d\u00faval ho a nasledoval. Ke\u010f sa raz p\u00fdtal Je\u017ei\u0161, za koho ho pokladaj\u00fa, odpovedal pr\u00e1ve on: \u201eTy si Mesi\u00e1\u0161, Syn prav\u00e9ho Boha.\u201c Kristus mu povedal: \u201eTy si Peter a na tejto skale postav\u00edm svoju Cirkev a br\u00e1ny pekeln\u00e9 ju neprem\u00f4\u017eu. Tebe d\u00e1m k\u013e\u00fa\u010de od nebesk\u00e9ho kr\u00e1\u013eovstva. \u010co rozvia\u017ee\u0161 na zemi, bude rozviazan\u00e9 v nebi, \u010do zvia\u017ee\u0161 na zemi, bude zviazan\u00e9 v nebi.\u201c Peter sa v\u017edy spom\u00edna ako prv\u00fd v zozname apo\u0161tolov. Patril k d\u00f4vern\u00edkom Je\u017ei\u0161a, spolu s J\u00e1nom a Jakubom. T\u00fdchto troch zobral Je\u017ei\u0161 so sebou na horu Premenenia, pri vzkriesen\u00ed Jairovej dc\u00e9ry a takisto aj v Getsemanskej z\u00e1hrade ich pozval k spolo\u010dnej modlitbe. Ke\u010f ich Majstra zatkli, hne\u010f sa postavil s me\u010dom na odpor. Zanedlho v\u0161ak Je\u017ei\u0161a trikr\u00e1t zaprel, hoci predt\u00fdm tvrdil, \u017ee s n\u00edm p\u00f4jde v\u0161ade a neopust\u00ed ho. Po vzkriesen\u00ed to bol on, ktor\u00fd spolu s apo\u0161tolom J\u00e1nom pribehli k hrobu, aby sa presved\u010dili, \u010di je pravda to, \u010do im vyrozpr\u00e1vali \u017eeny. Sv. J\u00e1n apo\u0161tol spom\u00edna e\u0161te jednu osobitn\u00fa pr\u00edhodu, ktor\u00e1 sa stala po vzkriesen\u00ed a je d\u00f4le\u017eit\u00e1 vzh\u013eadom na osobu Petra. Kristus sa ho trikr\u00e1t sp\u00fdtal, \u010di ho m\u00e1 r\u00e1d. Peter zaka\u017ed\u00fdm odpoved\u00e1 \u201e\u00e1no\u201c. Je\u017ei\u0161 mu vtedy odpoved\u00e1 tie\u017e trikr\u00e1t: \u201ePas moje ovce.\u201c Po nanebovst\u00fapen\u00ed m\u00e1 Peter neod\u0161kriepite\u013en\u00e9 prvenstvo medzi apo\u0161tolmi. Na jeho slovo ustanovili \u010fal\u0161ieho apo\u0161tola namiesto zradcu Jud\u00e1\u0161a, on za\u010d\u00edna prv\u00fd hovori\u0165 pri zoslan\u00ed Ducha Sv\u00e4t\u00e9ho. On sa spom\u00edna ako prv\u00fd, ktor\u00fd urobil z\u00e1zrak, on vyniesol rozsudok nad klamstvom Anani\u00e1\u0161a a Zafiry.<\/p><p>Peter potom \u010falej p\u00f4sobil v Jeruzaleme. Pokrstil pohana Korn\u00e9lia, \u010d\u00edm sa otvorili br\u00e1ny Cirkvi aj pre pohanov, nielen pre \u017didov. Herodes Agrippa ho uv\u00e4znil, ale v noci k nemu pri\u0161iel anjel a z\u00e1zra\u010dne ho vyslobodil z v\u00e4zenia. Potom horlivo \u00fa\u010dinkoval v Jeruzaleme, v Antiochii, v Korinte a v R\u00edme. Pravdepodobne v R\u00edme nap\u00edsal svoj prv\u00fd list, kde hovor\u00ed o R\u00edme ako o Babylone. Zomrel mu\u010den\u00edckou smr\u0165ou asi roku 64 v R\u00edme, pod\u013ea trad\u00edcie ho ukri\u017eovali dolu hlavou na Vatik\u00e1nskom pahorku. Na tom mieste teraz stoj\u00ed Bazilika sv. Petra, jej sv\u00e4ty\u0148a je presne nad miestom, kde sa pod\u013ea trad\u00edcie nach\u00e1dza Petrov hrob. Jeho relikvie s\u00fa ulo\u017een\u00e9 v hlavnom olt\u00e1ri baziliky. Zobrazuje sa ako star\u0161\u00ed mu\u017e s k\u013e\u00fa\u010dmi a knihou. Jeho symbolmi s\u00fa tie\u017e obr\u00e1ten\u00fd kr\u00ed\u017e, lo\u010fka a koh\u00fat.<\/p>\t\t\t\t\t\t\t\t<\/div>\n\t\t\t\t<\/div>\n\t\t\t\t\t<\/div>\n\t\t<\/div>\n\t\t\t\t\t<\/div>\n\t\t<\/section>\n\t\t\t\t<section class=\"elementor-section elementor-top-section elementor-element elementor-element-ed52deb elementor-section-boxed elementor-section-height-default elementor-section-height-default\" data-id=\"ed52deb\" data-element_type=\"section\">\n\t\t\t\t\t\t<div class=\"elementor-container elementor-column-gap-default\">\n\t\t\t\t\t<div class=\"elementor-column elementor-col-100 elementor-top-column elementor-element elementor-element-24f9c6e\" data-id=\"24f9c6e\" data-element_type=\"column\">\n\t\t\t<div class=\"elementor-widget-wrap elementor-element-populated\">\n\t\t\t\t\t\t<div class=\"elementor-element elementor-element-e52e6ee elementor-widget-divider--view-line elementor-widget elementor-widget-divider\" data-id=\"e52e6ee\" data-element_type=\"widget\" data-widget_type=\"divider.default\">\n\t\t\t\t<div class=\"elementor-widget-container\">\n\t\t\t\t\t\t\t<div class=\"elementor-divider\">\n\t\t\t<span class=\"elementor-divider-separator\">\n\t\t\t\t\t\t<\/span>\n\t\t<\/div>\n\t\t\t\t\t\t<\/div>\n\t\t\t\t<\/div>\n\t\t\t\t\t<\/div>\n\t\t<\/div>\n\t\t\t\t\t<\/div>\n\t\t<\/section>\n\t\t\t\t<section class=\"elementor-section elementor-top-section elementor-element elementor-element-1528a7d elementor-section-boxed elementor-section-height-default elementor-section-height-default\" data-id=\"1528a7d\" data-element_type=\"section\">\n\t\t\t\t\t\t<div class=\"elementor-container elementor-column-gap-default\">\n\t\t\t\t\t<div class=\"elementor-column elementor-col-66 elementor-top-column elementor-element elementor-element-fa44006\" data-id=\"fa44006\" data-element_type=\"column\">\n\t\t\t<div class=\"elementor-widget-wrap elementor-element-populated\">\n\t\t\t\t\t\t<div class=\"elementor-element elementor-element-12ea402 elementor-widget elementor-widget-text-editor\" data-id=\"12ea402\" data-element_type=\"widget\" data-widget_type=\"text-editor.default\">\n\t\t\t\t<div class=\"elementor-widget-container\">\n\t\t\t\t\t\t\t\t\t<h3>Sv. Pavol<\/h3><p>* medzi 5 \u2013 10 Tarzus, Turecko<br \/>\u2020 medzi 60 \u2013 68 R\u00edm<\/p><p><em>V\u00fdznam mena: malej postavy (lat.)<\/em><\/p><p><em>Atrib\u00faty: kniha, me\u010d<\/em><\/p><p><em>Patr\u00f3n teol\u00f3gov, duchovn\u00fdch pastierov,\u00a0<span lang=\"sk\">tk\u00e1\u010dov, v\u00fdrobcov stanov, ko\u0161ik\u00e1rov, lan\u00e1rov, sedl\u00e1rov, robotn\u00edkov, katol\u00edckej tla\u010de; za d\u00e1\u017e\u010f a \u00farodu; proti strachu a \u00fazkosti, pri u\u0161n\u00fdch probl\u00e9moch, k\u0155\u010doch, pri u\u0161tipnut\u00ed hadom, pri b\u00farke a kr\u00fapoch<\/span><\/em><\/p><p>Sv. Pavol sa narodil niekedy v rokoch 5-10 po Kristovi v Tarze v Cil\u00edcii (ju\u017en\u00e9 Turecko) v \u017eidovskej rodine, ktor\u00e1 po\u017e\u00edvala pr\u00e1va r\u00edmskeho ob\u010dianstva. Rodi\u010dia mu dali dve men\u00e1: \u0160avol (Saulus \u2013 meno prv\u00e9ho \u017eidovsk\u00e9ho kr\u00e1\u013ea) a Pavol (Paulus \u2013 mal\u00fd). Dostal vynikaj\u00face vzdelanie, najprv v samotnom Tarze v helenistickej \u0161kole a nesk\u00f4r v Jeruzaleme pri noh\u00e1ch sl\u00e1vneho u\u010dite\u013ea Gamaliela. Popritom \u2013 ako spr\u00e1vny \u017did \u2013 sa vyu\u010dil stan\u00e1rskemu remeslu. Vyr\u00e1bal stany alebo lodn\u00e9 plachty, \u010do bol vtedy ve\u013emi h\u013eadan\u00fd tovar.<\/p><p>V prvom rade v\u0161ak ostal d\u00f4sledn\u00fdm, a\u017e fanatick\u00fdm farizejom. Zahorel nen\u00e1vis\u0165ou proti nov\u00e9mu u\u010deniu, ktor\u00e9 hl\u00e1sal Je\u017ei\u0161 Kristus a jeho apo\u0161toli. Bol pri kame\u0148ovan\u00ed\u00a0<a href=\"http:\/\/www.zivotopisysvatych.sk\/stefan-diakon\/\">sv. \u0160tefana<\/a>. Nekame\u0148oval ho s\u00edce priamo, ale str\u00e1\u017eil \u0161aty katom. Potom si vymohol dovolenie na prenasledovanie kres\u0165anov aj v Damasku. No na ceste do tohto mesta sa mu zjavil s\u00e1m Je\u017ei\u0161 Kristus. Na tri dni z toho oslepol, ale potom sa dal pokrsti\u0165 a nieko\u013eko dn\u00ed nato u\u017e ohlasoval v synag\u00f3gach Je\u017ei\u0161a Krista a rozpr\u00e1val o tom, \u010do sa mu prihodilo. \u017didom sa to nep\u00e1\u010dilo a chceli ho zabi\u0165. On im v\u0161ak u\u0161iel (jeho u\u010den\u00edci ho spustili v ko\u0161i cez hradby \u2013 Sk 9,19-25) a odi\u0161iel na juh do p\u00fa\u0161te, ktor\u00e1 siaha a\u017e do Ar\u00e1bie, aby sa pripravil na apo\u0161tolsk\u00fd \u00farad. Asi po troch rokoch sa vr\u00e1til sp\u00e4\u0165 do Damasku a odtia\u013e do Jeruzalema, aby vyh\u013eadal apo\u0161tolov. Av\u0161ak ka\u017ed\u00fd sa ho b\u00e1l \u2013 kv\u00f4li jeho povesti prenasledovate\u013ea kres\u0165anov. Vtedy sa ho ujal\u00a0<a href=\"http:\/\/www.zivotopisysvatych.sk\/barnabas-apostol\/\">Barnab\u00e1\u0161<\/a>, zaviedol ho k apo\u0161tolom\u00a0<a href=\"http:\/\/www.zivotopisysvatych.sk\/peter-apostol\/\">Petrovi<\/a>\u00a0a\u00a0<a href=\"http:\/\/www.zivotopisysvatych.sk\/jakub-mladsi-apostol\/\">Jakubovi<\/a>\u00a0a porozpr\u00e1val im, ako si Pavol po\u010d\u00ednal v Je\u017ei\u0161ovom mene. Z Jeruzalema odi\u0161iel Pavol asi na \u0161tyri roky do Tarzu. Potom spolu s Barnab\u00e1\u0161om zamierili do Antiochie, kde hl\u00e1sali evanjelium medzi pohanmi.<\/p><p>V Antiochii dostal milos\u0165, \u017ee bol \u201euchv\u00e1ten\u00fd a\u017e do tretieho neba\u201c. Aby v\u0161ak nespy\u0161nel, bol mu dan\u00fd do tela oste\u0148, satanov posol, aby sa nevyvy\u0161oval. (2 Kor 12) Z Antiochie sa potom vr\u00e1til do Jeruzalema, kde bol spolu s Barnab\u00e1\u0161om \u201eoddelen\u00fd\u201c, to znamen\u00e1, \u017ee ich ofici\u00e1lne poverili hl\u00e1sa\u0165 evanjelium. \u201eOddeli\u0165\u201c znamen\u00e1 v na\u0161om zmysle vysv\u00e4ti\u0165. V roku 47-48 spolu s\u00a0<a href=\"http:\/\/www.zivotopisysvatych.sk\/marek-evanjelista\/\">J\u00e1nom Markom<\/a>(Marek evanjelista) a Barnab\u00e1\u0161om vykonal prv\u00fa misijn\u00fa cestu na Cyprus a do ju\u017en\u00fdch provinci\u00ed Malej \u00c1zie (Antiochia v Piz\u00eddii, Ik\u00f3nium, Lystra, Derbe). Zalo\u017eili nov\u00e9 cirkevn\u00e9 spolo\u010denstv\u00e1, ale zak\u00fasili aj ve\u013ea prenasledovania. Druh\u00e1 misijn\u00e1 cesta sa udiala v rokoch 49-52 v spolo\u010dnosti S\u00edlasa do Malej \u00c1zie a na eur\u00f3pskom kontinente (Filipy, Sol\u00fan, At\u00e9ny a Korint). Po\u010das tretej misijnej cesty (53-58) sa tri roky zdr\u017eal v Efeze. Prostredn\u00edctvom spolupracovn\u00edkov zalo\u017eil kres\u0165ansk\u00e9 spolo\u010denstv\u00e1 v Kolos\u00e1ch, v Laodicei a v Hierapole. Kv\u00f4li prenasledovaniu musel z Efezu od\u00eds\u0165 cez Maced\u00f3nsko do Korintu. Sp\u00e4\u0165 do Jeruzalema sa vr\u00e1til cez Maced\u00f3nsko, Troadu, Mil\u00e9t, T\u00fdrus a C\u00e9zareu. Za\u017eil mnoho utrpenia, sklamania, ale aj radosti z apo\u0161tol\u00e1tu a slu\u017eby Bohu (2 Kor 11,16-33). V Jeruzaleme ho uv\u00e4znili a v\u010faka tomu sa dostal do R\u00edma.<\/p><p>V R\u00edme bol vo v\u00e4zen\u00ed, jeho jedin\u00fdm vern\u00fdm spolo\u010dn\u00edkom bol\u00a0<a href=\"http:\/\/www.zivotopisysvatych.sk\/lukas-evanjelista\/\">Luk\u00e1\u0161\u00a0<\/a>(evanjelista). Posledn\u00e9 roky jeho \u017eivota s\u00fa v\u0161ak pre n\u00e1s zahalen\u00e9 tajomstvom. Pravdepodobne ho v R\u00edme z v\u00e4zenia prepustili, po\u010das Ner\u00f3novho prenasledovania kres\u0165anov asi nebol v R\u00edme, sn\u00e1\u010f bol vtedy v \u0160panielsku alebo na V\u00fdchode. Bol v Maced\u00f3nsku, Efeze, v Mil\u00e9te, v Troade, na Kr\u00e9te a zrejme aj v Nikapole, kde ho asi znovu uv\u00e4znili a odviedli do R\u00edma (asi r. 67). Je s n\u00edm iba Luk\u00e1\u0161. Po ods\u00faden\u00ed ho s\u0165ali me\u010dom pravdepodobne na mieste v bl\u00edzkosti Ostijskej cesty. Toto miesto sa vol\u00e1 Tre Fontane a dnes tam stoj\u00ed kostol a kl\u00e1\u0161tor trapistov. Pod\u013ea trad\u00edcie ho pochovali na cintor\u00edne pri Ostijskej ceste na \u013eavom brehu rieky Tiber. Cis\u00e1r Kon\u0161tant\u00edn Ve\u013ek\u00fd dal nad jeho hrobom vystava\u0165 men\u0161iu baziliku. Namiesto nej tam teraz stoj\u00ed n\u00e1dhern\u00e1 bazilika sv. Pavla, ktor\u00e1 bola dokon\u010den\u00e1 r. 1854.<\/p><p>Sv. Pavol sa zvykne naz\u00fdva\u0165 \u201eapo\u0161tolom n\u00e1rodov\u201c, preto\u017ee je najv\u00e4\u010d\u0161\u00edm mision\u00e1rom v\u0161etk\u00fdch \u010dias a jeho listy sa \u010d\u00edtaj\u00fa ako Bo\u017eie slovo na celom svete.<\/p>\t\t\t\t\t\t\t\t<\/div>\n\t\t\t\t<\/div>\n\t\t\t\t\t<\/div>\n\t\t<\/div>\n\t\t\t\t<div class=\"elementor-column elementor-col-33 elementor-top-column elementor-element elementor-element-06a5e82\" data-id=\"06a5e82\" data-element_type=\"column\">\n\t\t\t<div class=\"elementor-widget-wrap elementor-element-populated\">\n\t\t\t\t\t\t<div class=\"elementor-element elementor-element-7fa5c30 elementor-widget elementor-widget-image\" data-id=\"7fa5c30\" data-element_type=\"widget\" data-widget_type=\"image.default\">\n\t\t\t\t<div class=\"elementor-widget-container\">\n\t\t\t\t\t\t\t\t\t\t\t\t\t\t\t<img decoding=\"async\" width=\"599\" height=\"445\" src=\"https:\/\/farnostlipany.sk\/wp-content\/uploads\/2019\/06\/File_-Saint_Paul_Writing_His_Epistles__by_Valentin_de_Boulogne.jpg\" class=\"attachment-large size-large wp-image-667\" alt=\"\" srcset=\"https:\/\/farnostlipany.sk\/wp-content\/uploads\/2019\/06\/File_-Saint_Paul_Writing_His_Epistles__by_Valentin_de_Boulogne.jpg 599w, https:\/\/farnostlipany.sk\/wp-content\/uploads\/2019\/06\/File_-Saint_Paul_Writing_His_Epistles__by_Valentin_de_Boulogne-300x223.jpg 300w\" sizes=\"(max-width: 599px) 100vw, 599px\" \/>\t\t\t\t\t\t\t\t\t\t\t\t\t\t\t<\/div>\n\t\t\t\t<\/div>\n\t\t\t\t\t<\/div>\n\t\t<\/div>\n\t\t\t\t\t<\/div>\n\t\t<\/section>\n\t\t\t\t<section class=\"elementor-section elementor-top-section elementor-element elementor-element-8cd755b elementor-section-boxed elementor-section-height-default elementor-section-height-default\" data-id=\"8cd755b\" data-element_type=\"section\">\n\t\t\t\t\t\t<div class=\"elementor-container elementor-column-gap-default\">\n\t\t\t\t\t<div class=\"elementor-column elementor-col-100 elementor-top-column elementor-element elementor-element-4448d2a\" data-id=\"4448d2a\" data-element_type=\"column\">\n\t\t\t<div class=\"elementor-widget-wrap elementor-element-populated\">\n\t\t\t\t\t\t<div class=\"elementor-element elementor-element-018b48b elementor-widget-divider--view-line elementor-widget elementor-widget-divider\" data-id=\"018b48b\" data-element_type=\"widget\" data-widget_type=\"divider.default\">\n\t\t\t\t<div class=\"elementor-widget-container\">\n\t\t\t\t\t\t\t<div class=\"elementor-divider\">\n\t\t\t<span class=\"elementor-divider-separator\">\n\t\t\t\t\t\t<\/span>\n\t\t<\/div>\n\t\t\t\t\t\t<\/div>\n\t\t\t\t<\/div>\n\t\t\t\t\t<\/div>\n\t\t<\/div>\n\t\t\t\t\t<\/div>\n\t\t<\/section>\n\t\t\t\t<section class=\"elementor-section elementor-top-section elementor-element elementor-element-5a190b0 elementor-section-boxed elementor-section-height-default elementor-section-height-default\" data-id=\"5a190b0\" data-element_type=\"section\">\n\t\t\t\t\t\t<div class=\"elementor-container elementor-column-gap-default\">\n\t\t\t\t\t<div class=\"elementor-column elementor-col-100 elementor-top-column elementor-element elementor-element-567d4b3\" data-id=\"567d4b3\" data-element_type=\"column\">\n\t\t\t<div class=\"elementor-widget-wrap elementor-element-populated\">\n\t\t\t\t\t\t<div class=\"elementor-element elementor-element-272f937 elementor-widget elementor-widget-text-editor\" data-id=\"272f937\" data-element_type=\"widget\" data-widget_type=\"text-editor.default\">\n\t\t\t\t<div class=\"elementor-widget-container\">\n\t\t\t\t\t\t\t\t\t<h3>Odpustky<\/h3><p>Kto na sviatok apo\u0161tolov Petra a Pavla zbo\u017ene pou\u017eije n\u00e1bo\u017en\u00e9 predmety (napr. ru\u017eenec, \u0161kapuliar, kr\u00ed\u017eik..) po\u017eehnan\u00e9 p\u00e1pe\u017eom alebo biskupom, m\u00f4\u017ee za zvy\u010dajn\u00fdch podmienok z\u00edska\u0165 \u00fapln\u00e9 odpustky. K tomu treba pripoji\u0165\u00a0<em>Ver\u00edm v Boha.<\/em><\/p><p>Kto od poludnia 28.6. do polnoci 29.6. nav\u0161t\u00edvi katedr\u00e1lny chr\u00e1m (u n\u00e1s v Ko\u0161iciach a Pre\u0161ove) alebo baziliku minor (u n\u00e1s v Bardejove a Vranove) a tam sa zbo\u017ene pomodl\u00ed <em>Ot\u010de n\u00e1\u0161 a Ver\u00edm,\u00a0<\/em>m\u00f4\u017ee za obvykl\u00fdch podmienok z\u00edska\u0165 \u00fapln\u00e9 odpustky.<\/p><p>\u00a0<\/p>\t\t\t\t\t\t\t\t<\/div>\n\t\t\t\t<\/div>\n\t\t\t\t\t<\/div>\n\t\t<\/div>\n\t\t\t\t\t<\/div>\n\t\t<\/section>\n\t\t\t\t<\/div>\n\t\t","protected":false},"excerpt":{"rendered":"<p>Sv. Peter * okolo 1 Betsaida, pri Ad Dardarah, severn\u00e9 pobre\u017eie Galilejsk\u00e9ho jazera (dnes S\u00fdria \u2013 Golansk\u00e9 v\u00fd\u0161iny) alebo Kafarnaum, dnes ruiny tohto mesta na z\u00e1padnom brehu Galilejsk\u00e9ho jazera \u2020 okolo 64 R\u00edm, Taliansko V\u00fdznam mena: skala (gr.) Atrib\u00faty: k\u013e\u00fa\u010de,<\/p>\n","protected":false},"author":3,"featured_media":666,"comment_status":"closed","ping_status":"closed","sticky":false,"template":"","format":"standard","meta":{"_monsterinsights_skip_tracking":false,"_monsterinsights_sitenote_active":false,"_monsterinsights_sitenote_note":"","_monsterinsights_sitenote_category":0,"footnotes":""},"categories":[1],"tags":[],"class_list":["post-664","post","type-post","status-publish","format-standard","has-post-thumbnail","hentry","category-nezaradene"],"_links":{"self":[{"href":"https:\/\/farnostlipany.sk\/index.php?rest_route=\/wp\/v2\/posts\/664","targetHints":{"allow":["GET"]}}],"collection":[{"href":"https:\/\/farnostlipany.sk\/index.php?rest_route=\/wp\/v2\/posts"}],"about":[{"href":"https:\/\/farnostlipany.sk\/index.php?rest_route=\/wp\/v2\/types\/post"}],"author":[{"embeddable":true,"href":"https:\/\/farnostlipany.sk\/index.php?rest_route=\/wp\/v2\/users\/3"}],"replies":[{"embeddable":true,"href":"https:\/\/farnostlipany.sk\/index.php?rest_route=%2Fwp%2Fv2%2Fcomments&post=664"}],"version-history":[{"count":6,"href":"https:\/\/farnostlipany.sk\/index.php?rest_route=\/wp\/v2\/posts\/664\/revisions"}],"predecessor-version":[{"id":11680,"href":"https:\/\/farnostlipany.sk\/index.php?rest_route=\/wp\/v2\/posts\/664\/revisions\/11680"}],"wp:featuredmedia":[{"embeddable":true,"href":"https:\/\/farnostlipany.sk\/index.php?rest_route=\/wp\/v2\/media\/666"}],"wp:attachment":[{"href":"https:\/\/farnostlipany.sk\/index.php?rest_route=%2Fwp%2Fv2%2Fmedia&parent=664"}],"wp:term":[{"taxonomy":"category","embeddable":true,"href":"https:\/\/farnostlipany.sk\/index.php?rest_route=%2Fwp%2Fv2%2Fcategories&post=664"},{"taxonomy":"post_tag","embeddable":true,"href":"https:\/\/farnostlipany.sk\/index.php?rest_route=%2Fwp%2Fv2%2Ftags&post=664"}],"curies":[{"name":"wp","href":"https:\/\/api.w.org\/{rel}","templated":true}]}}