{"id":6959,"date":"2024-08-31T09:30:00","date_gmt":"2024-08-31T07:30:00","guid":{"rendered":"https:\/\/farnostlipany.sk\/?p=6959"},"modified":"2024-09-09T00:36:19","modified_gmt":"2024-09-08T22:36:19","slug":"celodiecezne-rekolekcie-ku-cti-sv-kosickych-mucenikov-4-september-2021","status":"publish","type":"post","link":"https:\/\/farnostlipany.sk\/?p=6959","title":{"rendered":"Celodiec\u00e9zne rekolekcie ku cti sv. Ko\u0161ick\u00fdch mu\u010den\u00edkov &#8211; 7. september 2024"},"content":{"rendered":"\t\t<div data-elementor-type=\"wp-post\" data-elementor-id=\"6959\" class=\"elementor elementor-6959\">\n\t\t\t\t\t\t<section class=\"elementor-section elementor-top-section elementor-element elementor-element-ccae815 elementor-section-boxed elementor-section-height-default elementor-section-height-default\" data-id=\"ccae815\" data-element_type=\"section\">\n\t\t\t\t\t\t<div class=\"elementor-container elementor-column-gap-default\">\n\t\t\t\t\t<div class=\"elementor-column elementor-col-100 elementor-top-column elementor-element elementor-element-55214c5\" data-id=\"55214c5\" data-element_type=\"column\">\n\t\t\t<div class=\"elementor-widget-wrap elementor-element-populated\">\n\t\t\t\t\t\t<div class=\"elementor-element elementor-element-9039221 elementor-widget elementor-widget-text-editor\" data-id=\"9039221\" data-element_type=\"widget\" data-widget_type=\"text-editor.default\">\n\t\t\t\t<div class=\"elementor-widget-container\">\n\t\t\t\t\t\t\t\t\t<h4>Poz\u00fdvame V\u00e1s na celodiec\u00e9zne rekolekcie ku cti sv. Ko\u0161ick\u00fdch mu\u010den\u00edkov, ktor\u00e9 za\u010d\u00ednaj\u00fa 7. septembra 2024 Fatimskou sobotou o 9.30 hod. v D\u00f3me sv. Al\u017ebety v Ko\u0161iciach.<\/h4>\t\t\t\t\t\t\t\t<\/div>\n\t\t\t\t<\/div>\n\t\t\t\t\t<\/div>\n\t\t<\/div>\n\t\t\t\t\t<\/div>\n\t\t<\/section>\n\t\t\t\t<\/div>\n\t\t","protected":false},"excerpt":{"rendered":"<p>Poz\u00fdvame V\u00e1s na celodiec\u00e9zne rekolekcie ku cti sv. Ko\u0161ick\u00fdch mu\u010den\u00edkov, ktor\u00e9 za\u010d\u00ednaj\u00fa 7. septembra 2024 Fatimskou sobotou o 9.30 hod. v D\u00f3me sv. Al\u017ebety v Ko\u0161iciach.<\/p>\n","protected":false},"author":3,"featured_media":1668,"comment_status":"closed","ping_status":"closed","sticky":false,"template":"","format":"standard","meta":{"_monsterinsights_skip_tracking":false,"_monsterinsights_sitenote_active":false,"_monsterinsights_sitenote_note":"","_monsterinsights_sitenote_category":0,"footnotes":""},"categories":[1],"tags":[],"class_list":["post-6959","post","type-post","status-publish","format-standard","has-post-thumbnail","hentry","category-nezaradene"],"_links":{"self":[{"href":"https:\/\/farnostlipany.sk\/index.php?rest_route=\/wp\/v2\/posts\/6959","targetHints":{"allow":["GET"]}}],"collection":[{"href":"https:\/\/farnostlipany.sk\/index.php?rest_route=\/wp\/v2\/posts"}],"about":[{"href":"https:\/\/farnostlipany.sk\/index.php?rest_route=\/wp\/v2\/types\/post"}],"author":[{"embeddable":true,"href":"https:\/\/farnostlipany.sk\/index.php?rest_route=\/wp\/v2\/users\/3"}],"replies":[{"embeddable":true,"href":"https:\/\/farnostlipany.sk\/index.php?rest_route=%2Fwp%2Fv2%2Fcomments&post=6959"}],"version-history":[{"count":6,"href":"https:\/\/farnostlipany.sk\/index.php?rest_route=\/wp\/v2\/posts\/6959\/revisions"}],"predecessor-version":[{"id":11828,"href":"https:\/\/farnostlipany.sk\/index.php?rest_route=\/wp\/v2\/posts\/6959\/revisions\/11828"}],"wp:featuredmedia":[{"embeddable":true,"href":"https:\/\/farnostlipany.sk\/index.php?rest_route=\/wp\/v2\/media\/1668"}],"wp:attachment":[{"href":"https:\/\/farnostlipany.sk\/index.php?rest_route=%2Fwp%2Fv2%2Fmedia&parent=6959"}],"wp:term":[{"taxonomy":"category","embeddable":true,"href":"https:\/\/farnostlipany.sk\/index.php?rest_route=%2Fwp%2Fv2%2Fcategories&post=6959"},{"taxonomy":"post_tag","embeddable":true,"href":"https:\/\/farnostlipany.sk\/index.php?rest_route=%2Fwp%2Fv2%2Ftags&post=6959"}],"curies":[{"name":"wp","href":"https:\/\/api.w.org\/{rel}","templated":true}]}}