{"id":8235,"date":"2024-03-24T21:17:00","date_gmt":"2024-03-24T20:17:00","guid":{"rendered":"https:\/\/farnostlipany.sk\/?p=8235"},"modified":"2024-03-29T18:55:40","modified_gmt":"2024-03-29T17:55:40","slug":"27-vyrocie-povysenia-nasej-diecezy-na-arcidiecezu-31-marec-2022","status":"publish","type":"post","link":"https:\/\/farnostlipany.sk\/?p=8235","title":{"rendered":"29. v\u00fdro\u010die pov\u00fd\u0161enia na\u0161ej diec\u00e9zy na arcidiec\u00e9zu &#8211; 31. marec 2024"},"content":{"rendered":"\t\t<div data-elementor-type=\"wp-post\" data-elementor-id=\"8235\" class=\"elementor elementor-8235\">\n\t\t\t\t\t\t<section class=\"elementor-section elementor-top-section elementor-element elementor-element-dcc45a4 elementor-section-boxed elementor-section-height-default elementor-section-height-default\" data-id=\"dcc45a4\" data-element_type=\"section\">\n\t\t\t\t\t\t<div class=\"elementor-container elementor-column-gap-default\">\n\t\t\t\t\t<div class=\"elementor-column elementor-col-33 elementor-top-column elementor-element elementor-element-3c42b2e\" data-id=\"3c42b2e\" data-element_type=\"column\">\n\t\t\t<div class=\"elementor-widget-wrap elementor-element-populated\">\n\t\t\t\t\t\t<div class=\"elementor-element elementor-element-9acfdfc elementor-widget elementor-widget-image\" data-id=\"9acfdfc\" data-element_type=\"widget\" data-widget_type=\"image.default\">\n\t\t\t\t<div class=\"elementor-widget-container\">\n\t\t\t\t\t\t\t\t\t\t\t\t\t\t\t<img fetchpriority=\"high\" decoding=\"async\" width=\"500\" height=\"500\" src=\"https:\/\/farnostlipany.sk\/wp-content\/uploads\/2019\/08\/erb_abptvo-KE.jpg\" class=\"attachment-large size-large wp-image-2147\" alt=\"\" srcset=\"https:\/\/farnostlipany.sk\/wp-content\/uploads\/2019\/08\/erb_abptvo-KE.jpg 500w, https:\/\/farnostlipany.sk\/wp-content\/uploads\/2019\/08\/erb_abptvo-KE-150x150.jpg 150w, https:\/\/farnostlipany.sk\/wp-content\/uploads\/2019\/08\/erb_abptvo-KE-300x300.jpg 300w\" sizes=\"(max-width: 500px) 100vw, 500px\" \/>\t\t\t\t\t\t\t\t\t\t\t\t\t\t\t<\/div>\n\t\t\t\t<\/div>\n\t\t\t\t\t<\/div>\n\t\t<\/div>\n\t\t\t\t<div class=\"elementor-column elementor-col-66 elementor-top-column elementor-element elementor-element-91f158e\" data-id=\"91f158e\" data-element_type=\"column\">\n\t\t\t<div class=\"elementor-widget-wrap elementor-element-populated\">\n\t\t\t\t\t\t<div class=\"elementor-element elementor-element-bf49778 elementor-widget elementor-widget-text-editor\" data-id=\"bf49778\" data-element_type=\"widget\" data-widget_type=\"text-editor.default\">\n\t\t\t\t<div class=\"elementor-widget-container\">\n\t\t\t\t\t\t\t\t\t<p>9. augusta 1804 bola zriaden\u00e1 Ko\u0161ick\u00e1 diec\u00e9za vy\u010dlenen\u00edm z J\u00e1gerskej arcidiec\u00e9zy.\u00a0<\/p><p><strong><big>Hist\u00f3ria<\/big><\/strong><\/p><p>V\u00fdraz diec\u00e9za poch\u00e1dza z gr\u00e9ckeho dio\u00edkein (spravova\u0165 dom) a v R\u00edmskej r\u00ed\u0161i sa pou\u017e\u00edval na ozna\u010denie samotnej \u010dinnosti, ale aj na ozna\u010denie \u00fazemia, ktor\u00e9 podliehalo v\u00fdkonu takej moci. Slovo diec\u00e9za sa spo\u010diatku pou\u017e\u00edvalo na ozna\u010denie \u010dasti provincie. Za Diokleci\u00e1na znamenalo jednu z dvan\u00e1stich oblast\u00ed r\u00ed\u0161e, t.j. \u00fazemie, ku ktor\u00e9mu patrilo nieko\u013eko provinci\u00ed.<\/p><p>\u00dazemie, ktor\u00e9 podliehalo biskupovi, sa v\u0161ak naz\u00fdvalo paroikia. Pre dne\u0161n\u00fa diec\u00e9zu sa tento v\u00fdraz nepou\u017e\u00edval v ist\u00fdch cirkv\u00e1ch na Z\u00e1pade a\u017e do 12. storo\u010dia. Pou\u017e\u00edvanie slova diec\u00e9za v dne\u0161nom zmysle sa datuje od dvoch Kart\u00e1gskych koncilov (rok 390 a rok 397), \u0161\u00edrilo sa potom v celej z\u00e1padnej Cirkvi a v 13. storo\u010d\u00ed u\u017e zov\u0161eobecnelo. V\u00fdchod si v\u0161ak ponechal v\u00fdraz eparchia. V mnoh\u00fdch jazykoch sa popri slove diec\u00e9za vyskytuje aj pr\u00edbuzn\u00fd v\u00fdraz \u201ebiskupstvo\u201c, odvoden\u00fd od slova \u201ebiskup\u201c, ktor\u00fd je hlavou tak\u00e9ho \u00fazemia.<\/p><p>\u00dazemie ko\u0161ick\u00e9ho biskupstva bolo do roku 1804 s\u00fa\u010das\u0165ou j\u00e1gerskej diec\u00e9zy. T\u00fato diec\u00e9zu zalo\u017eil sv. \u0160tefan, kr\u00e1\u013e uhorsk\u00fd, \u010do dokazuje dekr\u00e9t B\u00e9lu IV. z roku 1261, kde sa uv\u00e1dza, \u017ee zakladate\u013eom katedr\u00e1ly sv. J\u00e1na v J\u00e1gri bol sv. \u0160tefan.<\/p><p>J\u00e1gersk\u00e1 diec\u00e9za sa rozprestierala na ve\u013ekom \u00fazem\u00ed, lebo kryla plochu 11 vtedaj\u0161\u00edch \u017e\u00fap v Rak\u00fasko \u2013 Uhorsku. Bola tak\u00e1 ve\u013ek\u00e1, ako je cel\u00e9 teraj\u0161ie Ma\u010farsko. Iba jeden biskup mohol na tomto ve\u013ekom \u00fazem\u00ed vysluhova\u0165 sviatos\u0165 birmovania a vies\u0165 administrat\u00edvne pr\u00e1ce, \u010do sa pre ve\u013ek\u00fa rozsiahlos\u0165 biskupstva stalo nemo\u017en\u00fdm. Jeden biskup nijako nemohol vysl\u00fa\u017ei\u0165 sviatos\u0165 birmovania v celom biskupstve nielen pre ve\u013ek\u00fd po\u010det farnost\u00ed, ale pri vtedaj\u0161\u00edch cestovn\u00fdch prostriedkoch aj pre ve\u013ek\u00e9 vzdialenosti.<\/p><p>S my\u0161lienkou vytvori\u0165 viac diec\u00e9z pri\u0161iel prv\u00fd Peter P\u00e1zmany, ostrihomsk\u00fd arcibiskup. Ke\u010f sa v roku 1616 stal ostrihomsk\u00fdm arcibiskupom, jeho diec\u00e9za sa okrem Nitrianskej a teraj\u0161ej Ko\u0161ickej diec\u00e9zy rozprestierala po celom Slovensku. Nie div, ako p\u00ed\u0161e v jednej rel\u00e1cii, \u017ee m\u00e1 fary, pri n\u00e1v\u0161teve ktor\u00fdch mus\u00ed tri t\u00fd\u017edne cestova\u0165 tam a to\u013eko zasa nasp\u00e4\u0165. U\u017e vtedy podotkol, \u017ee by bolo treba urobi\u0165 roz\u010dlenenie ostrihomsk\u00e9ho a j\u00e1gersk\u00e9ho biskupstva.<\/p><p>Doba P\u00e1zmanyho bola nevhodn\u00e1 na vytvorenie nov\u00fdch biskupstiev. Hatili to tureck\u00e9 vojny \u2013 cel\u00e9 teraj\u0161ie Ma\u010farsko bolo obsaden\u00e9 \u2013 trvala tridsa\u0165ro\u010dn\u00e1 vojna. O sto rokov po P\u00e1zmanyovi Jozef Gabriel Erdody (1715 \u2013 1744) j\u00e1gersk\u00fd biskup, v\u00e1\u017ene rozm\u00fd\u0161\u013eal o roz\u010dlenen\u00ed svojej diec\u00e9zy.<\/p><p>A\u017e 19. storo\u010die zroden\u00e9 v soci\u00e1lnych a politick\u00fdch zm\u00e4tkoch, prinieslo Ko\u0161iciam radostn\u00fa udalos\u0165: zriadenie Ko\u0161ickej diec\u00e9zy.<\/p><p>Posledn\u00fdm j\u00e1gersk\u00fdm biskupom, ktor\u00fd e\u0161te spravoval rozsiahlu j\u00e1gersk\u00fa diec\u00e9zu, bol gr\u00f3f Karol Esterh\u00e1zy. Po jeho smrti s\u00e1m cis\u00e1r Franti\u0161ek Jozef I. navrhoval, aby j\u00e1gersk\u00e1 diec\u00e9za bola rozdelen\u00e1 na tri \u2013 na j\u00e1gersk\u00fa, szatmarsk\u00fa a ko\u0161ick\u00fa. Bola vymenovan\u00e1 komisia, ktor\u00e1 mala predlo\u017ei\u0165 pl\u00e1n rozdelenia kr\u00e1\u013eovi. Vypracovalo sa viacero variantov. Nakoniec kr\u00e1\u013eovi predlo\u017eili n\u00e1vrh, \u201eaby j\u00e1gersk\u00e1 diec\u00e9za bola pov\u00fd\u0161en\u00e1 na arcidiec\u00e9zu, pri\u010dom sa z nej vy\u010dlenili dve nov\u00e9 diec\u00e9zy: ko\u0161ick\u00e1 a szatmarsk\u00e1\u201c. Na z\u00e1klade patron\u00e1tneho pr\u00e1va, pod\u013ea ktor\u00e9ho sa najprv patr\u00f3n (panovn\u00edk) m\u00e1 postara\u0165 o hmotn\u00e9 zabezpe\u010denie (dot\u00e1ciu) pl\u00e1novan\u00fdch biskupstiev, potom ich m\u00e1 zriadi\u0165 a tak \u017eiada\u0165 p\u00e1pe\u017esk\u00e9 potvrdenie, kr\u00e1\u013e Franti\u0161ek I. svojou rezol\u00faciou 23. marca 1804 zalo\u017eil ko\u0161ick\u00e9 a szatm\u00e1rske biskupstvo a pov\u00fd\u0161il j\u00e1gersk\u00e9 biskupstvo na arcibiskupstvo. V ten ist\u00fd de\u0148 menoval aj nov\u00fdch biskupov. Za ko\u0161ick\u00e9ho biskupa vymenoval Andreja Szab\u00f3\u00e1, ostrihomsk\u00e9ho kanonika. Po smrti biskupa Esterh\u00e1zyho roku 1799 malo j\u00e1gersk\u00e9 biskupstvo 353 farnost\u00ed, 66 miestnych kapl\u00e1nok a 125 kapl\u00e1nskych stan\u00edc, spolu so 481 699 r\u00edm. katol\u00edkmi. Po za\u010dlenen\u00ed ostalo v j\u00e1gerskej \u010dasti 146 f\u00e1r a 221 122 veriacich, v ko\u0161ickej 149 f\u00e1r a 221 486 veriacich a Szatm\u00e1ri 58 f\u00e1r a 39 091 veriacich.<\/p><p>S d\u00e1tumom 23. marec 1804 kr\u00e1\u013e ozn\u00e1mil sv. stolici zalo\u017eenie nov\u00fdch diec\u00e9z i menovanie biskupov a prosil o schv\u00e1lenie. Pri uplat\u0148ovan\u00ed patron\u00e1tneho pr\u00e1va do\u0161lo viackr\u00e1t k cirkevnopr\u00e1vnym sporom, a preto sa zriadenie nov\u00fdch biskupstiev ods\u00favalo. No p\u00e1pe\u017e Pius VII. a jeho \u0161ikovn\u00fd diplomat, \u0161t\u00e1tny tajomn\u00edk Consalvi, si nechceli Franti\u0161ka I. znepriateli\u0165 a tak 9. augusta 1804 p\u00e1pe\u017e potvrdil bullou \u201eIn universa Gregis Dominici cura\u201c rozdelenie j\u00e1gersk\u00e9ho biskupstva. Touto bullou zalo\u017eil a ur\u010dil hranice ko\u0161ick\u00e9ho a szatmarsk\u00e9ho biskupstva, menoval nov\u00fdch biskupov a z\u00e1rove\u0148 ohrani\u010dil \u00fazemie j\u00e1gerskej diec\u00e9zy a j\u00e1gersk\u00e9ho biskupa pov\u00fd\u0161il na arcibiskupa a metropolitu. T\u00fdmto bolo j\u00e1gersk\u00e9 biskupstvo pov\u00fd\u0161en\u00e9 na arcibiskupstvo.<\/p><p>Ko\u0161ick\u00e9 biskupstvo so s\u00eddlom v Ko\u0161iciach bolo utvoren\u00e9 z troch b\u00fdval\u00fdch \u017e\u00fap, z abaujskej, zempl\u00ednskej a \u0161ari\u0161skej. Tieto \u017eupy tvorili aj hlavn\u00e9 tri dekan\u00e1ty, ktor\u00e9 boli potom rozdelen\u00e9 na osemn\u00e1s\u0165 dekan\u00e1tov.<\/p><p>Po roku 1918 bolo \u00fazemie Ko\u0161ick\u00e9ho biskupstva rozdelen\u00e9 \u0161t\u00e1tnymi hranicami medzi \u010cSR a Ma\u010farsko. Z cirkevnopr\u00e1vneho h\u013eadiska \u010das\u0165 \u00fazemia v Ma\u010farsku v\u0161ak a\u017e do roku 1937 prin\u00e1le\u017eala ku Ko\u0161ick\u00e9mu biskupstvu.<\/p><p>P\u00e1pe\u017eskou bullou \u201eAd ecclesiastici regiminis\u201c z 2. septembra 1937 a v zmysle modu vivendi medzi Sv\u00e4tou stolicou a \u010ceskoslovenskou republikou bola od 14. okt\u00f3bra 1937 Ko\u0161ick\u00e1 diec\u00e9za aj po cirkevnopr\u00e1vnej str\u00e1nke rozdelen\u00e1, a to tak, \u017ee \u00fazemie diec\u00e9zy v Ma\u010farsku s \u010das\u0165ou Ko\u0161ickej diec\u00e9zy v \u010cSR bola priamo podriaden\u00e1 Sv\u00e4tej stolici ako apo\u0161tolsk\u00e1 administrat\u00fara.<\/p><p>K \u010fal\u0161\u00edm zmen\u00e1m v \u00fazem\u00ed organiz\u00e1ci\u00ed Ko\u0161ickej diec\u00e9zy do\u0161lo v roku 1938 \u2013 39 v d\u00f4sledku okup\u00e1cie Ko\u0161\u00edc Ma\u010farskom. 11. novembra 1938 boli Ko\u0161ice pri\u010dlenen\u00e9 k Ma\u010farsku a s nimi padlo do Ma\u010farska 33 farnost\u00ed. Po tomto dni bol pre \u010das\u0165 Ko\u0161ickej apo\u0161tolskej administrat\u00fary, ktor\u00e1 ostala na \u00fazem\u00ed \u010ceskoslovenska, ustanoven\u00fd gener\u00e1lny vikari\u00e1t so s\u00eddlom v Bardejove. P\u00e1pe\u017eskou bulou \u201eDioecesium fine\u201c z 19. j\u00fala 1939 sa vytvorila Ko\u0161ick\u00e1 apo\u0161tolsk\u00e1 administrat\u00fara so s\u00eddlom v Pre\u0161ove pre \u010das\u0165 \u00fazemia Ko\u0161ickej diec\u00e9zy v r\u00e1mci hran\u00edc Slovensk\u00e9ho \u0161t\u00e1tu. Vykonalo sa to 4. okt\u00f3bra 1939. T\u00fdmto bol zru\u0161en\u00fd vikari\u00e1t v Bardejove. Apo\u0161tolsk\u00fdm administr\u00e1torom sa stal biskup Jozef \u010c\u00e1rsky.<\/p><p>\u00dazemie apo\u0161tolskej administrat\u00fary z roku 1937 \u2013 39 v Ma\u010farsku a \u010das\u0165 Ko\u0161ickej administrat\u00fary z roku 1937 \u2013 38, odst\u00fapen\u00e1 pod\u013ea viedenskej arbitr\u00e1\u017ee Ma\u010farsku, sa spojili vo forme biskupstva, spravovan\u00e9ho biskupom v r\u00e1mci provincie J\u00e1gersk\u00e9ho arcibiskupstva.<\/p><p>Biskup Jozef \u010c\u00e1rsky zomrel 11. marca 1962. Ke\u010f\u017ee pri moci od roku 1948 boli komunisti, bol styk so Sv\u00e4tou stolicou ve\u013emi \u0165a\u017ek\u00fd, a tak po smrti biskupa Jozefa \u010c\u00e1rskeho nedo\u0161lo k ustanoveniu nov\u00e9ho biskupa. Kapituln\u00fdm vik\u00e1rom sa stal \u0160tefan Onderko, ktor\u00fd spravoval diec\u00e9zu a\u017e do roku 1990.<\/p><p>K dne\u0161n\u00e9mu usporiadaniu spr\u00e1vy \u00fazemia Ko\u0161ick\u00e9ho biskupstva do\u0161lo na z\u00e1klade apo\u0161tolskej kon\u0161tit\u00facie \u201ePraescriptionum sacrosancti\u201c z 30. decembra 1977. V nej p\u00e1pe\u017e Pavol VI. ustanovil Slovensk\u00fa cirkevn\u00fa provinciu na \u010dele s arcibiskupom v Trnave a s \u00fazem\u00edm vymedzen\u00fdm pod\u013ea \u0161t\u00e1tnych hran\u00edc Slovenska. Ko\u0161ick\u00e9 a Ro\u017e\u0148avsk\u00e9 biskupstvo sa oddelili od J\u00e1gerskej cirkevnej provincie.<\/p><p>Po p\u00e1de predch\u00e1dzaj\u00faceho re\u017eimu 14. febru\u00e1ra 1990 bol menovan\u00fd pre Ko\u0161ick\u00fa diec\u00e9zu Alojz Tk\u00e1\u010d, ktor\u00fd biskupsk\u00fa vysviacku prijal 17. marca 1990. Pomocn\u00fdm biskupom sa menovan\u00edm 27. decembra 1992 a vysviackou 31. janu\u00e1ra 1993 stal Bernard Bober.<\/p><p>Msgr. Luigi Dossen, apo\u0161tolsk\u00fd nuntius na Slovensku, zverejnil 14. j\u00fana 1995 Apo\u0161tolsk\u00fa kon\u0161tit\u00faciu \u201ePastorali Quidem\u201c zo d\u0148a 31. marca 1995, ktorou Sv. Otec J\u00e1n Pavol II. zriadil na Slovensku nov\u00fa cirkevn\u00fa provinciu so s\u00eddlom v Ko\u0161iciach. Arcibiskupom sa stal ko\u0161ick\u00fd biskup Alojz Tk\u00e1\u010d. Na \u010dele Ko\u0161ick\u00e9ho biskupstva, ktor\u00e9ho patr\u00f3nom je sv. Ondrej apo\u0161tol a spolupatr\u00f3nmi s\u00fa traja sv. ko\u0161ick\u00fd mu\u010den\u00edci, sa vystriedalo 13 biskupov a dne\u0161n\u00fd diec\u00e9zny biskup je v porad\u00ed 14. biskupom. Jeho diec\u00e9za m\u00e1 rozlohu 10 403 km?, spravuje 192 farnost\u00ed, v ktor\u00fdch \u017eije 576 292 r\u00edmskokatol\u00edkov, z celkov\u00e9ho po\u010dtu 1 057 258 obyvate\u013eov. V diec\u00e9ze pracuje 301 k\u0148azov, v d\u00f4chodku je 38 k\u0148azov a reho\u013en\u00edkov je 56. Diec\u00e9za je rozdelen\u00e1 na 14 dekan\u00e1tov.<\/p>\t\t\t\t\t\t\t\t<\/div>\n\t\t\t\t<\/div>\n\t\t\t\t\t<\/div>\n\t\t<\/div>\n\t\t\t\t\t<\/div>\n\t\t<\/section>\n\t\t\t\t<\/div>\n\t\t","protected":false},"excerpt":{"rendered":"<p>9. augusta 1804 bola zriaden\u00e1 Ko\u0161ick\u00e1 diec\u00e9za vy\u010dlenen\u00edm z J\u00e1gerskej arcidiec\u00e9zy. Hist\u00f3ria V\u00fdraz diec\u00e9za poch\u00e1dza z gr\u00e9ckeho dio\u00edkein (spravova\u0165 dom) a v R\u00edmskej r\u00ed\u0161i sa pou\u017e\u00edval na ozna\u010denie samotnej \u010dinnosti, ale aj na ozna\u010denie \u00fazemia, ktor\u00e9 podliehalo v\u00fdkonu takej moci.<\/p>\n","protected":false},"author":3,"featured_media":0,"comment_status":"closed","ping_status":"closed","sticky":false,"template":"","format":"standard","meta":{"_monsterinsights_skip_tracking":false,"_monsterinsights_sitenote_active":false,"_monsterinsights_sitenote_note":"","_monsterinsights_sitenote_category":0,"footnotes":""},"categories":[1],"tags":[],"class_list":["post-8235","post","type-post","status-publish","format-standard","hentry","category-nezaradene"],"_links":{"self":[{"href":"https:\/\/farnostlipany.sk\/index.php?rest_route=\/wp\/v2\/posts\/8235","targetHints":{"allow":["GET"]}}],"collection":[{"href":"https:\/\/farnostlipany.sk\/index.php?rest_route=\/wp\/v2\/posts"}],"about":[{"href":"https:\/\/farnostlipany.sk\/index.php?rest_route=\/wp\/v2\/types\/post"}],"author":[{"embeddable":true,"href":"https:\/\/farnostlipany.sk\/index.php?rest_route=\/wp\/v2\/users\/3"}],"replies":[{"embeddable":true,"href":"https:\/\/farnostlipany.sk\/index.php?rest_route=%2Fwp%2Fv2%2Fcomments&post=8235"}],"version-history":[{"count":6,"href":"https:\/\/farnostlipany.sk\/index.php?rest_route=\/wp\/v2\/posts\/8235\/revisions"}],"predecessor-version":[{"id":11493,"href":"https:\/\/farnostlipany.sk\/index.php?rest_route=\/wp\/v2\/posts\/8235\/revisions\/11493"}],"wp:attachment":[{"href":"https:\/\/farnostlipany.sk\/index.php?rest_route=%2Fwp%2Fv2%2Fmedia&parent=8235"}],"wp:term":[{"taxonomy":"category","embeddable":true,"href":"https:\/\/farnostlipany.sk\/index.php?rest_route=%2Fwp%2Fv2%2Fcategories&post=8235"},{"taxonomy":"post_tag","embeddable":true,"href":"https:\/\/farnostlipany.sk\/index.php?rest_route=%2Fwp%2Fv2%2Ftags&post=8235"}],"curies":[{"name":"wp","href":"https:\/\/api.w.org\/{rel}","templated":true}]}}