{"id":9221,"date":"2023-05-06T17:44:09","date_gmt":"2023-05-06T15:44:09","guid":{"rendered":"https:\/\/farnostlipany.sk\/?p=9221"},"modified":"2023-01-08T17:45:14","modified_gmt":"2023-01-08T16:45:14","slug":"arcidiecezna-put-deti-do-obisoviec","status":"publish","type":"post","link":"https:\/\/farnostlipany.sk\/?p=9221","title":{"rendered":"ARCIDIEC\u00c9ZNA P\u00da\u0164 DET\u00cd DO OBI\u0160OVIEC"},"content":{"rendered":"\t\t<div data-elementor-type=\"wp-post\" data-elementor-id=\"9221\" class=\"elementor elementor-9221\">\n\t\t\t\t\t\t<section class=\"elementor-section elementor-top-section elementor-element elementor-element-02d5fb5 elementor-section-boxed elementor-section-height-default elementor-section-height-default\" data-id=\"02d5fb5\" data-element_type=\"section\">\n\t\t\t\t\t\t<div class=\"elementor-container elementor-column-gap-default\">\n\t\t\t\t\t<div class=\"elementor-column elementor-col-100 elementor-top-column elementor-element elementor-element-61bc24b\" data-id=\"61bc24b\" data-element_type=\"column\">\n\t\t\t<div class=\"elementor-widget-wrap elementor-element-populated\">\n\t\t\t\t\t\t<div class=\"elementor-element elementor-element-e92d857 elementor-widget elementor-widget-text-editor\" data-id=\"e92d857\" data-element_type=\"widget\" data-widget_type=\"text-editor.default\">\n\t\t\t\t<div class=\"elementor-widget-container\">\n\t\t\t\t\t\t\t\t\t<p>eRko &#8211; Hnutie kres\u0165ansk\u00fdch spolo\u010denstiev det\u00ed v spolupr\u00e1ci s farnos\u0165ou Ru\u017eencovej Panny M\u00e1rie v Obi\u0161ovciach op\u00e4\u0165 pripravuje Arcidiec\u00e9znu p\u00fa\u0165 det\u00ed do Obi\u0161oviec v sobotu 13. m\u00e1ja 2023. Aj cez t\u00fato p\u00fa\u0165 si deti m\u00f4\u017eu budova\u0165 vz\u0165ah k na\u0161im p\u00fatnym miestam. Term\u00edn d\u00e1vame do pozornosti v predstihu, aby ste si pod\u013ea neho vedeli napl\u00e1nova\u0165 in\u00e9 sl\u00e1vnosti vo svojich farnostiach (napr. 1. sv. prij\u00edmanie a pod.)<\/p>\t\t\t\t\t\t\t\t<\/div>\n\t\t\t\t<\/div>\n\t\t\t\t\t<\/div>\n\t\t<\/div>\n\t\t\t\t\t<\/div>\n\t\t<\/section>\n\t\t\t\t<\/div>\n\t\t","protected":false},"excerpt":{"rendered":"<p>eRko &#8211; Hnutie kres\u0165ansk\u00fdch spolo\u010denstiev det\u00ed v spolupr\u00e1ci s farnos\u0165ou Ru\u017eencovej Panny M\u00e1rie v Obi\u0161ovciach op\u00e4\u0165 pripravuje Arcidiec\u00e9znu p\u00fa\u0165 det\u00ed do Obi\u0161oviec v sobotu 13. m\u00e1ja 2023. Aj cez t\u00fato p\u00fa\u0165 si deti m\u00f4\u017eu budova\u0165 vz\u0165ah k na\u0161im p\u00fatnym miestam.<\/p>\n","protected":false},"author":3,"featured_media":0,"comment_status":"closed","ping_status":"closed","sticky":false,"template":"","format":"standard","meta":{"_monsterinsights_skip_tracking":false,"_monsterinsights_sitenote_active":false,"_monsterinsights_sitenote_note":"","_monsterinsights_sitenote_category":0,"footnotes":""},"categories":[1],"tags":[],"class_list":["post-9221","post","type-post","status-publish","format-standard","hentry","category-nezaradene"],"_links":{"self":[{"href":"https:\/\/farnostlipany.sk\/index.php?rest_route=\/wp\/v2\/posts\/9221","targetHints":{"allow":["GET"]}}],"collection":[{"href":"https:\/\/farnostlipany.sk\/index.php?rest_route=\/wp\/v2\/posts"}],"about":[{"href":"https:\/\/farnostlipany.sk\/index.php?rest_route=\/wp\/v2\/types\/post"}],"author":[{"embeddable":true,"href":"https:\/\/farnostlipany.sk\/index.php?rest_route=\/wp\/v2\/users\/3"}],"replies":[{"embeddable":true,"href":"https:\/\/farnostlipany.sk\/index.php?rest_route=%2Fwp%2Fv2%2Fcomments&post=9221"}],"version-history":[{"count":4,"href":"https:\/\/farnostlipany.sk\/index.php?rest_route=\/wp\/v2\/posts\/9221\/revisions"}],"predecessor-version":[{"id":9225,"href":"https:\/\/farnostlipany.sk\/index.php?rest_route=\/wp\/v2\/posts\/9221\/revisions\/9225"}],"wp:attachment":[{"href":"https:\/\/farnostlipany.sk\/index.php?rest_route=%2Fwp%2Fv2%2Fmedia&parent=9221"}],"wp:term":[{"taxonomy":"category","embeddable":true,"href":"https:\/\/farnostlipany.sk\/index.php?rest_route=%2Fwp%2Fv2%2Fcategories&post=9221"},{"taxonomy":"post_tag","embeddable":true,"href":"https:\/\/farnostlipany.sk\/index.php?rest_route=%2Fwp%2Fv2%2Ftags&post=9221"}],"curies":[{"name":"wp","href":"https:\/\/api.w.org\/{rel}","templated":true}]}}