{"id":9498,"date":"2023-03-21T18:00:00","date_gmt":"2023-03-21T17:00:00","guid":{"rendered":"https:\/\/farnostlipany.sk\/?p=9498"},"modified":"2023-02-19T17:09:52","modified_gmt":"2023-02-19T16:09:52","slug":"svata-omsa-za-obete-vojny-na-ukrajine","status":"publish","type":"post","link":"https:\/\/farnostlipany.sk\/?p=9498","title":{"rendered":"SV\u00c4T\u00c1 OM\u0160A ZA OBETE VOJNY NA UKRAJINE"},"content":{"rendered":"\t\t<div data-elementor-type=\"wp-post\" data-elementor-id=\"9498\" class=\"elementor elementor-9498\">\n\t\t\t\t\t\t<section class=\"elementor-section elementor-top-section elementor-element elementor-element-d26da23 elementor-section-boxed elementor-section-height-default elementor-section-height-default\" data-id=\"d26da23\" data-element_type=\"section\">\n\t\t\t\t\t\t<div class=\"elementor-container elementor-column-gap-default\">\n\t\t\t\t\t<div class=\"elementor-column elementor-col-100 elementor-top-column elementor-element elementor-element-19ef8e0\" data-id=\"19ef8e0\" data-element_type=\"column\">\n\t\t\t<div class=\"elementor-widget-wrap elementor-element-populated\">\n\t\t\t\t\t\t<div class=\"elementor-element elementor-element-dbe063f elementor-widget elementor-widget-text-editor\" data-id=\"dbe063f\" data-element_type=\"widget\" data-widget_type=\"text-editor.default\">\n\t\t\t\t<div class=\"elementor-widget-container\">\n\t\t\t\t\t\t\t\t\t<p>CCEE poz\u00fdva v\u0161etky biskupsk\u00e9 konferencie Eur\u00f3py k sl\u00e1veniu Eucharistie na \u00famysel: Za obete vojny na Ukrajine a za pokoj v tejto krajine.<br \/>V utorok 28. marca 2023 o 18.00 hod. bude otec arcibiskup sl\u00fa\u017ei\u0165 sv\u00e4t\u00fa om\u0161u za obete vojny na Ukrajine v Katedr\u00e1le sv. Al\u017ebety v Ko\u0161iciach. Poz\u00fdvame farnosti, aby sa pripojili k tomuto \u00famyslu.<\/p>\t\t\t\t\t\t\t\t<\/div>\n\t\t\t\t<\/div>\n\t\t\t\t\t<\/div>\n\t\t<\/div>\n\t\t\t\t\t<\/div>\n\t\t<\/section>\n\t\t\t\t<\/div>\n\t\t","protected":false},"excerpt":{"rendered":"<p>CCEE poz\u00fdva v\u0161etky biskupsk\u00e9 konferencie Eur\u00f3py k sl\u00e1veniu Eucharistie na \u00famysel: Za obete vojny na Ukrajine a za pokoj v tejto krajine.V utorok 28. marca 2023 o 18.00 hod. bude otec arcibiskup sl\u00fa\u017ei\u0165 sv\u00e4t\u00fa om\u0161u za obete vojny na Ukrajine<\/p>\n","protected":false},"author":3,"featured_media":0,"comment_status":"closed","ping_status":"closed","sticky":false,"template":"","format":"standard","meta":{"_monsterinsights_skip_tracking":false,"_monsterinsights_sitenote_active":false,"_monsterinsights_sitenote_note":"","_monsterinsights_sitenote_category":0,"footnotes":""},"categories":[1],"tags":[],"class_list":["post-9498","post","type-post","status-publish","format-standard","hentry","category-nezaradene"],"_links":{"self":[{"href":"https:\/\/farnostlipany.sk\/index.php?rest_route=\/wp\/v2\/posts\/9498","targetHints":{"allow":["GET"]}}],"collection":[{"href":"https:\/\/farnostlipany.sk\/index.php?rest_route=\/wp\/v2\/posts"}],"about":[{"href":"https:\/\/farnostlipany.sk\/index.php?rest_route=\/wp\/v2\/types\/post"}],"author":[{"embeddable":true,"href":"https:\/\/farnostlipany.sk\/index.php?rest_route=\/wp\/v2\/users\/3"}],"replies":[{"embeddable":true,"href":"https:\/\/farnostlipany.sk\/index.php?rest_route=%2Fwp%2Fv2%2Fcomments&post=9498"}],"version-history":[{"count":4,"href":"https:\/\/farnostlipany.sk\/index.php?rest_route=\/wp\/v2\/posts\/9498\/revisions"}],"predecessor-version":[{"id":9502,"href":"https:\/\/farnostlipany.sk\/index.php?rest_route=\/wp\/v2\/posts\/9498\/revisions\/9502"}],"wp:attachment":[{"href":"https:\/\/farnostlipany.sk\/index.php?rest_route=%2Fwp%2Fv2%2Fmedia&parent=9498"}],"wp:term":[{"taxonomy":"category","embeddable":true,"href":"https:\/\/farnostlipany.sk\/index.php?rest_route=%2Fwp%2Fv2%2Fcategories&post=9498"},{"taxonomy":"post_tag","embeddable":true,"href":"https:\/\/farnostlipany.sk\/index.php?rest_route=%2Fwp%2Fv2%2Ftags&post=9498"}],"curies":[{"name":"wp","href":"https:\/\/api.w.org\/{rel}","templated":true}]}}