{"id":9577,"date":"2023-05-07T17:53:54","date_gmt":"2023-05-07T15:53:54","guid":{"rendered":"https:\/\/farnostlipany.sk\/?p=9577"},"modified":"2023-02-19T17:56:28","modified_gmt":"2023-02-19T16:56:28","slug":"oslava-25-vyrocia-sobasa-manzelov-nasej-arcidiecezy","status":"publish","type":"post","link":"https:\/\/farnostlipany.sk\/?p=9577","title":{"rendered":"Oslava 25. v\u00fdro\u010dia sob\u00e1\u0161a man\u017eelov na\u0161ej arcidiec\u00e9zy"},"content":{"rendered":"\t\t<div data-elementor-type=\"wp-post\" data-elementor-id=\"9577\" class=\"elementor elementor-9577\">\n\t\t\t\t\t\t<section class=\"elementor-section elementor-top-section elementor-element elementor-element-21f9063 elementor-section-boxed elementor-section-height-default elementor-section-height-default\" data-id=\"21f9063\" data-element_type=\"section\">\n\t\t\t\t\t\t<div class=\"elementor-container elementor-column-gap-default\">\n\t\t\t\t\t<div class=\"elementor-column elementor-col-100 elementor-top-column elementor-element elementor-element-fd455ae\" data-id=\"fd455ae\" data-element_type=\"column\">\n\t\t\t<div class=\"elementor-widget-wrap elementor-element-populated\">\n\t\t\t\t\t\t<div class=\"elementor-element elementor-element-2ebe590 elementor-widget elementor-widget-text-editor\" data-id=\"2ebe590\" data-element_type=\"widget\" data-widget_type=\"text-editor.default\">\n\t\t\t\t<div class=\"elementor-widget-container\">\n\t\t\t\t\t\t\t\t\t<p>Na de\u0148 rodiny 28. m\u00e1ja o 15.00 hod. si v ko\u0161ickej katedr\u00e1le m\u00f4\u017eu man\u017eelsk\u00e9 p\u00e1ry pripomen\u00fa\u0165 svoje strieborn\u00e9 jubileum &#8211; 25. v\u00fdro\u010die man\u017eelstva. Je potrebn\u00e9 jubiluj\u00facich man\u017eelov nahl\u00e1si\u0165 v kancel\u00e1rii do 14. m\u00e1ja 2023. Je potrebn\u00e9 uvies\u0165 men\u00e1, priezvisko man\u017eelov a d\u00e1tum ich sob\u00e1\u0161a.<\/p>\t\t\t\t\t\t\t\t<\/div>\n\t\t\t\t<\/div>\n\t\t\t\t\t<\/div>\n\t\t<\/div>\n\t\t\t\t\t<\/div>\n\t\t<\/section>\n\t\t\t\t<\/div>\n\t\t","protected":false},"excerpt":{"rendered":"<p>Na de\u0148 rodiny 28. m\u00e1ja o 15.00 hod. si v ko\u0161ickej katedr\u00e1le m\u00f4\u017eu man\u017eelsk\u00e9 p\u00e1ry pripomen\u00fa\u0165 svoje strieborn\u00e9 jubileum &#8211; 25. v\u00fdro\u010die man\u017eelstva. Je potrebn\u00e9 jubiluj\u00facich man\u017eelov nahl\u00e1si\u0165 v kancel\u00e1rii do 14. m\u00e1ja 2023. Je potrebn\u00e9 uvies\u0165 men\u00e1, priezvisko man\u017eelov<\/p>\n","protected":false},"author":3,"featured_media":0,"comment_status":"closed","ping_status":"closed","sticky":false,"template":"","format":"standard","meta":{"_monsterinsights_skip_tracking":false,"_monsterinsights_sitenote_active":false,"_monsterinsights_sitenote_note":"","_monsterinsights_sitenote_category":0,"footnotes":""},"categories":[1],"tags":[],"class_list":["post-9577","post","type-post","status-publish","format-standard","hentry","category-nezaradene"],"_links":{"self":[{"href":"https:\/\/farnostlipany.sk\/index.php?rest_route=\/wp\/v2\/posts\/9577","targetHints":{"allow":["GET"]}}],"collection":[{"href":"https:\/\/farnostlipany.sk\/index.php?rest_route=\/wp\/v2\/posts"}],"about":[{"href":"https:\/\/farnostlipany.sk\/index.php?rest_route=\/wp\/v2\/types\/post"}],"author":[{"embeddable":true,"href":"https:\/\/farnostlipany.sk\/index.php?rest_route=\/wp\/v2\/users\/3"}],"replies":[{"embeddable":true,"href":"https:\/\/farnostlipany.sk\/index.php?rest_route=%2Fwp%2Fv2%2Fcomments&post=9577"}],"version-history":[{"count":6,"href":"https:\/\/farnostlipany.sk\/index.php?rest_route=\/wp\/v2\/posts\/9577\/revisions"}],"predecessor-version":[{"id":9584,"href":"https:\/\/farnostlipany.sk\/index.php?rest_route=\/wp\/v2\/posts\/9577\/revisions\/9584"}],"wp:attachment":[{"href":"https:\/\/farnostlipany.sk\/index.php?rest_route=%2Fwp%2Fv2%2Fmedia&parent=9577"}],"wp:term":[{"taxonomy":"category","embeddable":true,"href":"https:\/\/farnostlipany.sk\/index.php?rest_route=%2Fwp%2Fv2%2Fcategories&post=9577"},{"taxonomy":"post_tag","embeddable":true,"href":"https:\/\/farnostlipany.sk\/index.php?rest_route=%2Fwp%2Fv2%2Ftags&post=9577"}],"curies":[{"name":"wp","href":"https:\/\/api.w.org\/{rel}","templated":true}]}}